{"id":1141,"date":"2011-12-13T00:00:00","date_gmt":"2011-12-13T00:00:00","guid":{"rendered":""},"modified":"2022-01-26T21:44:45","modified_gmt":"2022-01-26T21:44:45","slug":"603c6d806f76e","status":"publish","type":"post","link":"https:\/\/consejoderectores.cl\/en\/2011\/12\/13\/603c6d806f76e\/","title":{"rendered":"Council of Rectors and Ministry of Education give the go-ahead to the University Selection Tests"},"content":{"rendered":"<blockquote><p>This year, approximately 271,000 students are taking the PSU exams from Putre to Puerto Williams.<\/p>\n<div>Among the innovations promoted by CRUCH for this process, the entry into force of the PSU Score with validity for two years stands out.<\/div>\n<\/blockquote>\n<p>At the Teresiano Enrique de Oss\u00f3 School, the Minister of Education, Felipe Bulnes, together with the rectors of the University of Chile, V\u00edctor P\u00e9rez and of the University of Santiago, Juan Manuel Zolezzi, officially launched the process of administering the University Selection Tests (PSU).<\/p>\n<div>This year, more than 271,000 young people are taking the PSU (University Selection Test) at 605 schools from Putre to Puerto Williams. This extensive coverage was further strengthened because students from Lonquimay, Purranque, and Futaleuf\u00fa will have their own testing centers, eliminating the need to travel to neighboring cities as they did in previous years.<\/div>\n<div><\/div>\n<div>During the event, Rector Juan Manuel Zolezzi, executive vice president of the Council of Rectors, urged students to have confidence that the school protests should not affect their results. \u201cThe content assessed by the PSU (University Selection Test) is primarily concentrated in the first three years of high school. In the final year, only some content from the first semester is evaluated, and these questions represent no more than four or five of the total,\u201d explained Rector Zolezzi.<\/div>\n<div><\/div>\n<div>It was also highlighted that this year the PSU Score came into effect with a validity of two years, meaning that those who took the tests in 2010 can use their score to apply to universities affiliated with the admission system of the Council of Rectors.<\/div>\n<div><\/div>\n<div>Regarding the distribution of those taking the PSU, as in previous years, the locations with the most registered young people are Maip\u00fa (10,265), Puente Alto (9,923), and La Florida (8,466), while the locations with the fewest registered are Juan Fern\u00e1ndez (9), Putre (12), and Cabo de Hornos (16).<\/div>\n<div><\/div>","protected":false},"excerpt":{"rendered":"<p>Este a\u00f1o cerca de 271 mil estudiantes est\u00e1n rindiendo las PSU de Putre a Puerto Williams. Dentro de las innovaciones impulsadas por el CRUCH para este proceso destaca la entrada en vigencia del Puntaje PSU con validez por dos a\u00f1os. En el Colegio Teresiano Enrique de Oss\u00f3, el ministro de Educaci\u00f3n, Felipe Bulnes, junto a [&hellip;]<\/p>\n","protected":false},"author":1,"featured_media":3592,"comment_status":"open","ping_status":"open","sticky":false,"template":"","format":"standard","meta":{"_acf_changed":false,"footnotes":""},"categories":[3],"tags":[],"class_list":["post-1141","post","type-post","status-publish","format-standard","has-post-thumbnail","hentry","category-noticias"],"acf":[],"yoast_head":"<!-- This site is optimized with the Yoast SEO plugin v27.1.1 - https:\/\/yoast.com\/product\/yoast-seo-wordpress\/ -->\n<title>Consejo de Rectores y Ministerio de Educaci\u00f3n dan el vamos a las Pruebas de Selecci\u00f3n Universitaria - Consejo de Rectoras y Rectores de las Universidades Chilenas<\/title>\n<meta name=\"robots\" content=\"index, follow, max-snippet:-1, max-image-preview:large, max-video-preview:-1\" \/>\n<link rel=\"canonical\" href=\"https:\/\/consejoderectores.cl\/en\/2011\/12\/13\/603c6d806f76e\/\" \/>\n<meta property=\"og:locale\" content=\"en_US\" \/>\n<meta property=\"og:type\" content=\"article\" \/>\n<meta property=\"og:title\" content=\"Consejo de Rectores y Ministerio de Educaci\u00f3n dan el vamos a las Pruebas de Selecci\u00f3n Universitaria - Consejo de Rectoras y Rectores de las Universidades Chilenas\" \/>\n<meta property=\"og:description\" content=\"Este a\u00f1o cerca de 271 mil estudiantes est\u00e1n rindiendo las PSU de Putre a Puerto Williams. Dentro de las innovaciones impulsadas por el CRUCH para este proceso destaca la entrada en vigencia del Puntaje PSU con validez por dos a\u00f1os. En el Colegio Teresiano Enrique de Oss\u00f3, el ministro de Educaci\u00f3n, Felipe Bulnes, junto a [&hellip;]\" \/>\n<meta property=\"og:url\" content=\"https:\/\/consejoderectores.cl\/en\/2011\/12\/13\/603c6d806f76e\/\" \/>\n<meta property=\"og:site_name\" content=\"Consejo de Rectoras y Rectores de las Universidades Chilenas\" \/>\n<meta property=\"article:published_time\" content=\"2011-12-13T00:00:00+00:00\" \/>\n<meta property=\"article:modified_time\" content=\"2022-01-26T21:44:45+00:00\" \/>\n<meta property=\"og:image\" content=\"https:\/\/consejoderectores.cl\/wp-content\/uploads\/2021\/10\/declaraciones-publicas.jpg\" \/>\n\t<meta property=\"og:image:width\" content=\"1024\" \/>\n\t<meta property=\"og:image:height\" content=\"500\" \/>\n\t<meta property=\"og:image:type\" content=\"image\/jpeg\" \/>\n<meta name=\"author\" content=\"Consejo de Rectores de las Universidades Chilenas\" \/>\n<meta name=\"twitter:card\" content=\"summary_large_image\" \/>\n<meta name=\"twitter:creator\" content=\"@CRUCH_cl\" \/>\n<meta name=\"twitter:site\" content=\"@CRUCH_cl\" \/>\n<meta name=\"twitter:label1\" content=\"Written by\" \/>\n\t<meta name=\"twitter:data1\" content=\"Consejo de Rectores de las Universidades Chilenas\" \/>\n\t<meta name=\"twitter:label2\" content=\"Est. reading time\" \/>\n\t<meta name=\"twitter:data2\" content=\"2 minutes\" \/>\n<script type=\"application\/ld+json\" class=\"yoast-schema-graph\">{\"@context\":\"https:\/\/schema.org\",\"@graph\":[{\"@type\":\"Article\",\"@id\":\"https:\/\/consejoderectores.cl\/en\/2011\/12\/13\/603c6d806f76e\/#article\",\"isPartOf\":{\"@id\":\"https:\/\/consejoderectores.cl\/en\/2011\/12\/13\/603c6d806f76e\/\"},\"author\":{\"name\":\"Consejo de Rectores de las Universidades Chilenas\",\"@id\":\"https:\/\/consejoderectores.cl\/en\/#\/schema\/person\/d863e44afde067fd4b57fac66ced709e\"},\"headline\":\"Consejo de Rectores y Ministerio de Educaci\u00f3n dan el vamos a las Pruebas de Selecci\u00f3n Universitaria\",\"datePublished\":\"2011-12-13T00:00:00+00:00\",\"dateModified\":\"2022-01-26T21:44:45+00:00\",\"mainEntityOfPage\":{\"@id\":\"https:\/\/consejoderectores.cl\/en\/2011\/12\/13\/603c6d806f76e\/\"},\"wordCount\":352,\"commentCount\":0,\"publisher\":{\"@id\":\"https:\/\/consejoderectores.cl\/en\/#organization\"},\"image\":{\"@id\":\"https:\/\/consejoderectores.cl\/en\/2011\/12\/13\/603c6d806f76e\/#primaryimage\"},\"thumbnailUrl\":\"https:\/\/consejoderectores.cl\/wp-content\/uploads\/2021\/10\/declaraciones-publicas.jpg\",\"articleSection\":[\"Noticias\"],\"inLanguage\":\"en-US\",\"potentialAction\":[{\"@type\":\"CommentAction\",\"name\":\"Comment\",\"target\":[\"https:\/\/consejoderectores.cl\/en\/2011\/12\/13\/603c6d806f76e\/#respond\"]}]},{\"@type\":\"WebPage\",\"@id\":\"https:\/\/consejoderectores.cl\/en\/2011\/12\/13\/603c6d806f76e\/\",\"url\":\"https:\/\/consejoderectores.cl\/en\/2011\/12\/13\/603c6d806f76e\/\",\"name\":\"Consejo de Rectores y Ministerio de Educaci\u00f3n dan el vamos a las Pruebas de Selecci\u00f3n Universitaria - Consejo de Rectoras y Rectores de las Universidades Chilenas\",\"isPartOf\":{\"@id\":\"https:\/\/consejoderectores.cl\/en\/#website\"},\"primaryImageOfPage\":{\"@id\":\"https:\/\/consejoderectores.cl\/en\/2011\/12\/13\/603c6d806f76e\/#primaryimage\"},\"image\":{\"@id\":\"https:\/\/consejoderectores.cl\/en\/2011\/12\/13\/603c6d806f76e\/#primaryimage\"},\"thumbnailUrl\":\"https:\/\/consejoderectores.cl\/wp-content\/uploads\/2021\/10\/declaraciones-publicas.jpg\",\"datePublished\":\"2011-12-13T00:00:00+00:00\",\"dateModified\":\"2022-01-26T21:44:45+00:00\",\"breadcrumb\":{\"@id\":\"https:\/\/consejoderectores.cl\/en\/2011\/12\/13\/603c6d806f76e\/#breadcrumb\"},\"inLanguage\":\"en-US\",\"potentialAction\":[{\"@type\":\"ReadAction\",\"target\":[\"https:\/\/consejoderectores.cl\/en\/2011\/12\/13\/603c6d806f76e\/\"]}]},{\"@type\":\"ImageObject\",\"inLanguage\":\"en-US\",\"@id\":\"https:\/\/consejoderectores.cl\/en\/2011\/12\/13\/603c6d806f76e\/#primaryimage\",\"url\":\"https:\/\/consejoderectores.cl\/wp-content\/uploads\/2021\/10\/declaraciones-publicas.jpg\",\"contentUrl\":\"https:\/\/consejoderectores.cl\/wp-content\/uploads\/2021\/10\/declaraciones-publicas.jpg\",\"width\":1024,\"height\":500},{\"@type\":\"BreadcrumbList\",\"@id\":\"https:\/\/consejoderectores.cl\/en\/2011\/12\/13\/603c6d806f76e\/#breadcrumb\",\"itemListElement\":[{\"@type\":\"ListItem\",\"position\":1,\"name\":\"Home\",\"item\":\"https:\/\/consejoderectores.cl\/\"},{\"@type\":\"ListItem\",\"position\":2,\"name\":\"Consejo de Rectores y Ministerio de Educaci\u00f3n dan el vamos a las Pruebas de Selecci\u00f3n Universitaria\"}]},{\"@type\":\"WebSite\",\"@id\":\"https:\/\/consejoderectores.cl\/en\/#website\",\"url\":\"https:\/\/consejoderectores.cl\/en\/\",\"name\":\"Consejo de Rectoras y Rectores de las Universidades Chilenas\",\"description\":\"\",\"publisher\":{\"@id\":\"https:\/\/consejoderectores.cl\/en\/#organization\"},\"potentialAction\":[{\"@type\":\"SearchAction\",\"target\":{\"@type\":\"EntryPoint\",\"urlTemplate\":\"https:\/\/consejoderectores.cl\/en\/?s={search_term_string}\"},\"query-input\":{\"@type\":\"PropertyValueSpecification\",\"valueRequired\":true,\"valueName\":\"search_term_string\"}}],\"inLanguage\":\"en-US\"},{\"@type\":\"Organization\",\"@id\":\"https:\/\/consejoderectores.cl\/en\/#organization\",\"name\":\"Consejo de Rectoras y Rectores de las Universidades Chilenas\",\"url\":\"https:\/\/consejoderectores.cl\/en\/\",\"logo\":{\"@type\":\"ImageObject\",\"inLanguage\":\"en-US\",\"@id\":\"https:\/\/consejoderectores.cl\/en\/#\/schema\/logo\/image\/\",\"url\":\"https:\/\/consejoderectores.cl\/wp-content\/uploads\/2025\/12\/logoheader_2025.png\",\"contentUrl\":\"https:\/\/consejoderectores.cl\/wp-content\/uploads\/2025\/12\/logoheader_2025.png\",\"width\":666,\"height\":305,\"caption\":\"Consejo de Rectoras y Rectores de las Universidades Chilenas\"},\"image\":{\"@id\":\"https:\/\/consejoderectores.cl\/en\/#\/schema\/logo\/image\/\"},\"sameAs\":[\"https:\/\/x.com\/CRUCH_cl\",\"https:\/\/www.instagram.com\/consejoderectores\/\",\"https:\/\/www.linkedin.com\/company\/cruch\/\",\"https:\/\/www.youtube.com\/channel\/UCzgIFRCsDlKoFpimiQmEaOA\"]},{\"@type\":\"Person\",\"@id\":\"https:\/\/consejoderectores.cl\/en\/#\/schema\/person\/d863e44afde067fd4b57fac66ced709e\",\"name\":\"Consejo de Rectores de las Universidades Chilenas\",\"image\":{\"@type\":\"ImageObject\",\"inLanguage\":\"en-US\",\"@id\":\"https:\/\/consejoderectores.cl\/en\/#\/schema\/person\/image\/\",\"url\":\"https:\/\/secure.gravatar.com\/avatar\/c31e2a02401f041926afb8ee21ab666f0925814fe85d25a5c8db80e23722dfc1?s=96&d=mm&r=g\",\"contentUrl\":\"https:\/\/secure.gravatar.com\/avatar\/c31e2a02401f041926afb8ee21ab666f0925814fe85d25a5c8db80e23722dfc1?s=96&d=mm&r=g\",\"caption\":\"Consejo de Rectores de las Universidades Chilenas\"},\"sameAs\":[\"https:\/\/www.consejoderectores.cl\"],\"url\":\"https:\/\/consejoderectores.cl\/en\/author\/cruch\/\"}]}<\/script>\n<!-- \/ Yoast SEO plugin. -->","yoast_head_json":{"title":"Consejo de Rectores y Ministerio de Educaci\u00f3n dan el vamos a las Pruebas de Selecci\u00f3n Universitaria - Consejo de Rectoras y Rectores de las Universidades Chilenas","robots":{"index":"index","follow":"follow","max-snippet":"max-snippet:-1","max-image-preview":"max-image-preview:large","max-video-preview":"max-video-preview:-1"},"canonical":"https:\/\/consejoderectores.cl\/en\/2011\/12\/13\/603c6d806f76e\/","og_locale":"en_US","og_type":"article","og_title":"Consejo de Rectores y Ministerio de Educaci\u00f3n dan el vamos a las Pruebas de Selecci\u00f3n Universitaria - Consejo de Rectoras y Rectores de las Universidades Chilenas","og_description":"Este a\u00f1o cerca de 271 mil estudiantes est\u00e1n rindiendo las PSU de Putre a Puerto Williams. Dentro de las innovaciones impulsadas por el CRUCH para este proceso destaca la entrada en vigencia del Puntaje PSU con validez por dos a\u00f1os. En el Colegio Teresiano Enrique de Oss\u00f3, el ministro de Educaci\u00f3n, Felipe Bulnes, junto a [&hellip;]","og_url":"https:\/\/consejoderectores.cl\/en\/2011\/12\/13\/603c6d806f76e\/","og_site_name":"Consejo de Rectoras y Rectores de las Universidades Chilenas","article_published_time":"2011-12-13T00:00:00+00:00","article_modified_time":"2022-01-26T21:44:45+00:00","og_image":[{"width":1024,"height":500,"url":"https:\/\/consejoderectores.cl\/wp-content\/uploads\/2021\/10\/declaraciones-publicas.jpg","type":"image\/jpeg"}],"author":"Consejo de Rectores de las Universidades Chilenas","twitter_card":"summary_large_image","twitter_creator":"@CRUCH_cl","twitter_site":"@CRUCH_cl","twitter_misc":{"Written by":"Consejo de Rectores de las Universidades Chilenas","Est. reading time":"2 minutes"},"schema":{"@context":"https:\/\/schema.org","@graph":[{"@type":"Article","@id":"https:\/\/consejoderectores.cl\/en\/2011\/12\/13\/603c6d806f76e\/#article","isPartOf":{"@id":"https:\/\/consejoderectores.cl\/en\/2011\/12\/13\/603c6d806f76e\/"},"author":{"name":"Consejo de Rectores de las Universidades Chilenas","@id":"https:\/\/consejoderectores.cl\/en\/#\/schema\/person\/d863e44afde067fd4b57fac66ced709e"},"headline":"Consejo de Rectores y Ministerio de Educaci\u00f3n dan el vamos a las Pruebas de Selecci\u00f3n Universitaria","datePublished":"2011-12-13T00:00:00+00:00","dateModified":"2022-01-26T21:44:45+00:00","mainEntityOfPage":{"@id":"https:\/\/consejoderectores.cl\/en\/2011\/12\/13\/603c6d806f76e\/"},"wordCount":352,"commentCount":0,"publisher":{"@id":"https:\/\/consejoderectores.cl\/en\/#organization"},"image":{"@id":"https:\/\/consejoderectores.cl\/en\/2011\/12\/13\/603c6d806f76e\/#primaryimage"},"thumbnailUrl":"https:\/\/consejoderectores.cl\/wp-content\/uploads\/2021\/10\/declaraciones-publicas.jpg","articleSection":["Noticias"],"inLanguage":"en-US","potentialAction":[{"@type":"CommentAction","name":"Comment","target":["https:\/\/consejoderectores.cl\/en\/2011\/12\/13\/603c6d806f76e\/#respond"]}]},{"@type":"WebPage","@id":"https:\/\/consejoderectores.cl\/en\/2011\/12\/13\/603c6d806f76e\/","url":"https:\/\/consejoderectores.cl\/en\/2011\/12\/13\/603c6d806f76e\/","name":"Consejo de Rectores y Ministerio de Educaci\u00f3n dan el vamos a las Pruebas de Selecci\u00f3n Universitaria - Consejo de Rectoras y Rectores de las Universidades Chilenas","isPartOf":{"@id":"https:\/\/consejoderectores.cl\/en\/#website"},"primaryImageOfPage":{"@id":"https:\/\/consejoderectores.cl\/en\/2011\/12\/13\/603c6d806f76e\/#primaryimage"},"image":{"@id":"https:\/\/consejoderectores.cl\/en\/2011\/12\/13\/603c6d806f76e\/#primaryimage"},"thumbnailUrl":"https:\/\/consejoderectores.cl\/wp-content\/uploads\/2021\/10\/declaraciones-publicas.jpg","datePublished":"2011-12-13T00:00:00+00:00","dateModified":"2022-01-26T21:44:45+00:00","breadcrumb":{"@id":"https:\/\/consejoderectores.cl\/en\/2011\/12\/13\/603c6d806f76e\/#breadcrumb"},"inLanguage":"en-US","potentialAction":[{"@type":"ReadAction","target":["https:\/\/consejoderectores.cl\/en\/2011\/12\/13\/603c6d806f76e\/"]}]},{"@type":"ImageObject","inLanguage":"en-US","@id":"https:\/\/consejoderectores.cl\/en\/2011\/12\/13\/603c6d806f76e\/#primaryimage","url":"https:\/\/consejoderectores.cl\/wp-content\/uploads\/2021\/10\/declaraciones-publicas.jpg","contentUrl":"https:\/\/consejoderectores.cl\/wp-content\/uploads\/2021\/10\/declaraciones-publicas.jpg","width":1024,"height":500},{"@type":"BreadcrumbList","@id":"https:\/\/consejoderectores.cl\/en\/2011\/12\/13\/603c6d806f76e\/#breadcrumb","itemListElement":[{"@type":"ListItem","position":1,"name":"Home","item":"https:\/\/consejoderectores.cl\/"},{"@type":"ListItem","position":2,"name":"Consejo de Rectores y Ministerio de Educaci\u00f3n dan el vamos a las Pruebas de Selecci\u00f3n Universitaria"}]},{"@type":"WebSite","@id":"https:\/\/consejoderectores.cl\/en\/#website","url":"https:\/\/consejoderectores.cl\/en\/","name":"Council of Rectors of Chilean Universities","description":"","publisher":{"@id":"https:\/\/consejoderectores.cl\/en\/#organization"},"potentialAction":[{"@type":"SearchAction","target":{"@type":"EntryPoint","urlTemplate":"https:\/\/consejoderectores.cl\/en\/?s={search_term_string}"},"query-input":{"@type":"PropertyValueSpecification","valueRequired":true,"valueName":"search_term_string"}}],"inLanguage":"en-US"},{"@type":"Organization","@id":"https:\/\/consejoderectores.cl\/en\/#organization","name":"Council of Rectors of Chilean Universities","url":"https:\/\/consejoderectores.cl\/en\/","logo":{"@type":"ImageObject","inLanguage":"en-US","@id":"https:\/\/consejoderectores.cl\/en\/#\/schema\/logo\/image\/","url":"https:\/\/consejoderectores.cl\/wp-content\/uploads\/2025\/12\/logoheader_2025.png","contentUrl":"https:\/\/consejoderectores.cl\/wp-content\/uploads\/2025\/12\/logoheader_2025.png","width":666,"height":305,"caption":"Consejo de Rectoras y Rectores de las Universidades Chilenas"},"image":{"@id":"https:\/\/consejoderectores.cl\/en\/#\/schema\/logo\/image\/"},"sameAs":["https:\/\/x.com\/CRUCH_cl","https:\/\/www.instagram.com\/consejoderectores\/","https:\/\/www.linkedin.com\/company\/cruch\/","https:\/\/www.youtube.com\/channel\/UCzgIFRCsDlKoFpimiQmEaOA"]},{"@type":"Person","@id":"https:\/\/consejoderectores.cl\/en\/#\/schema\/person\/d863e44afde067fd4b57fac66ced709e","name":"Council of Rectors of Chilean Universities","image":{"@type":"ImageObject","inLanguage":"en-US","@id":"https:\/\/consejoderectores.cl\/en\/#\/schema\/person\/image\/","url":"https:\/\/secure.gravatar.com\/avatar\/c31e2a02401f041926afb8ee21ab666f0925814fe85d25a5c8db80e23722dfc1?s=96&d=mm&r=g","contentUrl":"https:\/\/secure.gravatar.com\/avatar\/c31e2a02401f041926afb8ee21ab666f0925814fe85d25a5c8db80e23722dfc1?s=96&d=mm&r=g","caption":"Consejo de Rectores de las Universidades Chilenas"},"sameAs":["https:\/\/www.consejoderectores.cl"],"url":"https:\/\/consejoderectores.cl\/en\/author\/cruch\/"}]}},"_links":{"self":[{"href":"https:\/\/consejoderectores.cl\/en\/wp-json\/wp\/v2\/posts\/1141","targetHints":{"allow":["GET"]}}],"collection":[{"href":"https:\/\/consejoderectores.cl\/en\/wp-json\/wp\/v2\/posts"}],"about":[{"href":"https:\/\/consejoderectores.cl\/en\/wp-json\/wp\/v2\/types\/post"}],"author":[{"embeddable":true,"href":"https:\/\/consejoderectores.cl\/en\/wp-json\/wp\/v2\/users\/1"}],"replies":[{"embeddable":true,"href":"https:\/\/consejoderectores.cl\/en\/wp-json\/wp\/v2\/comments?post=1141"}],"version-history":[{"count":2,"href":"https:\/\/consejoderectores.cl\/en\/wp-json\/wp\/v2\/posts\/1141\/revisions"}],"predecessor-version":[{"id":5978,"href":"https:\/\/consejoderectores.cl\/en\/wp-json\/wp\/v2\/posts\/1141\/revisions\/5978"}],"wp:featuredmedia":[{"embeddable":true,"href":"https:\/\/consejoderectores.cl\/en\/wp-json\/wp\/v2\/media\/3592"}],"wp:attachment":[{"href":"https:\/\/consejoderectores.cl\/en\/wp-json\/wp\/v2\/media?parent=1141"}],"wp:term":[{"taxonomy":"category","embeddable":true,"href":"https:\/\/consejoderectores.cl\/en\/wp-json\/wp\/v2\/categories?post=1141"},{"taxonomy":"post_tag","embeddable":true,"href":"https:\/\/consejoderectores.cl\/en\/wp-json\/wp\/v2\/tags?post=1141"}],"curies":[{"name":"wp","href":"https:\/\/api.w.org\/{rel}","templated":true}]}}