{"id":1140,"date":"2011-12-07T00:00:00","date_gmt":"2011-12-07T00:00:00","guid":{"rendered":""},"modified":"2022-01-26T21:47:18","modified_gmt":"2022-01-26T21:47:18","slug":"603c6d806f6c1","status":"publish","type":"post","link":"https:\/\/consejoderectores.cl\/en\/2011\/12\/07\/603c6d806f6c1\/","title":{"rendered":"Council of Rectors of Belgium meets with representatives of CRUCH"},"content":{"rendered":"<blockquote><p>The meeting addressed new forms and opportunities for cooperation between Belgian and Chilean universities.<\/p><\/blockquote>\n<p>This morning, a delegation of representatives from Belgian French-speaking universities met with rectors from CRUCH at the offices of the Council of Rectors of Chilean Universities to analyze the future prospects of academic cooperation between both Councils, which is based on the Framework Agreement signed in 2007.<\/p>\n<div>The Belgian delegation included representatives from the Catholic University of Louvain, the University of Li\u00e8ge, the Free University of Brussels, the University of Mons, the University of Namur, the University of Gembloux, and Saint Louis University. Representatives from the following institutions were also present: the Inter-University Council of Francophone Universities (CIUF), the National Fund for Scientific Research (FNRS), and the General Council of Higher Education Institutions (CGHE).<\/div>\n<div><\/div>\n<div>The meeting presented the realities of Belgian and Chilean universities and there was consensus that cooperation must be based on real and concrete conditions in each country.<\/div>\n<div><\/div>\n<div>Among several proposals, the possibility of promoting the establishment of centers of excellence between the two countries, prioritizing the field of astronomy, stands out. Various alternatives for the exchange of academics and scientists were also analyzed, as well as the possibility of encouraging the creation of joint projects between young researchers from both countries.<\/div>","protected":false},"excerpt":{"rendered":"<p>En el encuentro se abordaron nuevas formas y oportunidades de cooperaci\u00f3n entre las universidades belgas y chilenas. Esta ma\u00f1ana se reunieron en las oficinas del Consejo de Rectores de las Universidades Chilenas una delegaci\u00f3n de representantes de las universidades franc\u00f3fonas belgas con rectores del CRUCH, para analizar las perspectivas de futuro de la cooperaci\u00f3n acad\u00e9mica [&hellip;]<\/p>\n","protected":false},"author":1,"featured_media":3592,"comment_status":"open","ping_status":"open","sticky":false,"template":"","format":"standard","meta":{"_acf_changed":false,"footnotes":""},"categories":[3],"tags":[],"class_list":["post-1140","post","type-post","status-publish","format-standard","has-post-thumbnail","hentry","category-noticias"],"acf":[],"yoast_head":"<!-- This site is optimized with the Yoast SEO plugin v27.1.1 - https:\/\/yoast.com\/product\/yoast-seo-wordpress\/ -->\n<title>Consejo de Rectores de B\u00e9lgica se re\u00fane con representantes del CRUCH - Consejo de Rectoras y Rectores de las Universidades Chilenas<\/title>\n<meta name=\"robots\" content=\"index, follow, max-snippet:-1, max-image-preview:large, max-video-preview:-1\" \/>\n<link rel=\"canonical\" href=\"https:\/\/consejoderectores.cl\/en\/2011\/12\/07\/603c6d806f6c1\/\" \/>\n<meta property=\"og:locale\" content=\"en_US\" \/>\n<meta property=\"og:type\" content=\"article\" \/>\n<meta property=\"og:title\" content=\"Consejo de Rectores de B\u00e9lgica se re\u00fane con representantes del CRUCH - Consejo de Rectoras y Rectores de las Universidades Chilenas\" \/>\n<meta property=\"og:description\" content=\"En el encuentro se abordaron nuevas formas y oportunidades de cooperaci\u00f3n entre las universidades belgas y chilenas. Esta ma\u00f1ana se reunieron en las oficinas del Consejo de Rectores de las Universidades Chilenas una delegaci\u00f3n de representantes de las universidades franc\u00f3fonas belgas con rectores del CRUCH, para analizar las perspectivas de futuro de la cooperaci\u00f3n acad\u00e9mica [&hellip;]\" \/>\n<meta property=\"og:url\" content=\"https:\/\/consejoderectores.cl\/en\/2011\/12\/07\/603c6d806f6c1\/\" \/>\n<meta property=\"og:site_name\" content=\"Consejo de Rectoras y Rectores de las Universidades Chilenas\" \/>\n<meta property=\"article:published_time\" content=\"2011-12-07T00:00:00+00:00\" \/>\n<meta property=\"article:modified_time\" content=\"2022-01-26T21:47:18+00:00\" \/>\n<meta property=\"og:image\" content=\"https:\/\/consejoderectores.cl\/wp-content\/uploads\/2021\/10\/declaraciones-publicas.jpg\" \/>\n\t<meta property=\"og:image:width\" content=\"1024\" \/>\n\t<meta property=\"og:image:height\" content=\"500\" \/>\n\t<meta property=\"og:image:type\" content=\"image\/jpeg\" \/>\n<meta name=\"author\" content=\"Consejo de Rectores de las Universidades Chilenas\" \/>\n<meta name=\"twitter:card\" content=\"summary_large_image\" \/>\n<meta name=\"twitter:creator\" content=\"@CRUCH_cl\" \/>\n<meta name=\"twitter:site\" content=\"@CRUCH_cl\" \/>\n<meta name=\"twitter:label1\" content=\"Written by\" \/>\n\t<meta name=\"twitter:data1\" content=\"Consejo de Rectores de las Universidades Chilenas\" \/>\n\t<meta name=\"twitter:label2\" content=\"Est. reading time\" \/>\n\t<meta name=\"twitter:data2\" content=\"1 minute\" \/>\n<script type=\"application\/ld+json\" class=\"yoast-schema-graph\">{\"@context\":\"https:\/\/schema.org\",\"@graph\":[{\"@type\":\"Article\",\"@id\":\"https:\/\/consejoderectores.cl\/2011\/12\/07\/603c6d806f6c1\/#article\",\"isPartOf\":{\"@id\":\"https:\/\/consejoderectores.cl\/2011\/12\/07\/603c6d806f6c1\/\"},\"author\":{\"name\":\"Consejo de Rectores de las Universidades Chilenas\",\"@id\":\"https:\/\/consejoderectores.cl\/en\/#\/schema\/person\/d863e44afde067fd4b57fac66ced709e\"},\"headline\":\"Consejo de Rectores de B\u00e9lgica se re\u00fane con representantes del CRUCH\",\"datePublished\":\"2011-12-07T00:00:00+00:00\",\"dateModified\":\"2022-01-26T21:47:18+00:00\",\"mainEntityOfPage\":{\"@id\":\"https:\/\/consejoderectores.cl\/2011\/12\/07\/603c6d806f6c1\/\"},\"wordCount\":251,\"commentCount\":0,\"publisher\":{\"@id\":\"https:\/\/consejoderectores.cl\/en\/#organization\"},\"image\":{\"@id\":\"https:\/\/consejoderectores.cl\/2011\/12\/07\/603c6d806f6c1\/#primaryimage\"},\"thumbnailUrl\":\"https:\/\/consejoderectores.cl\/wp-content\/uploads\/2021\/10\/declaraciones-publicas.jpg\",\"articleSection\":[\"Noticias\"],\"inLanguage\":\"en-US\",\"potentialAction\":[{\"@type\":\"CommentAction\",\"name\":\"Comment\",\"target\":[\"https:\/\/consejoderectores.cl\/2011\/12\/07\/603c6d806f6c1\/#respond\"]}]},{\"@type\":\"WebPage\",\"@id\":\"https:\/\/consejoderectores.cl\/2011\/12\/07\/603c6d806f6c1\/\",\"url\":\"https:\/\/consejoderectores.cl\/2011\/12\/07\/603c6d806f6c1\/\",\"name\":\"Consejo de Rectores de B\u00e9lgica se re\u00fane con representantes del CRUCH - Consejo de Rectoras y Rectores de las Universidades Chilenas\",\"isPartOf\":{\"@id\":\"https:\/\/consejoderectores.cl\/en\/#website\"},\"primaryImageOfPage\":{\"@id\":\"https:\/\/consejoderectores.cl\/2011\/12\/07\/603c6d806f6c1\/#primaryimage\"},\"image\":{\"@id\":\"https:\/\/consejoderectores.cl\/2011\/12\/07\/603c6d806f6c1\/#primaryimage\"},\"thumbnailUrl\":\"https:\/\/consejoderectores.cl\/wp-content\/uploads\/2021\/10\/declaraciones-publicas.jpg\",\"datePublished\":\"2011-12-07T00:00:00+00:00\",\"dateModified\":\"2022-01-26T21:47:18+00:00\",\"breadcrumb\":{\"@id\":\"https:\/\/consejoderectores.cl\/2011\/12\/07\/603c6d806f6c1\/#breadcrumb\"},\"inLanguage\":\"en-US\",\"potentialAction\":[{\"@type\":\"ReadAction\",\"target\":[\"https:\/\/consejoderectores.cl\/2011\/12\/07\/603c6d806f6c1\/\"]}]},{\"@type\":\"ImageObject\",\"inLanguage\":\"en-US\",\"@id\":\"https:\/\/consejoderectores.cl\/2011\/12\/07\/603c6d806f6c1\/#primaryimage\",\"url\":\"https:\/\/consejoderectores.cl\/wp-content\/uploads\/2021\/10\/declaraciones-publicas.jpg\",\"contentUrl\":\"https:\/\/consejoderectores.cl\/wp-content\/uploads\/2021\/10\/declaraciones-publicas.jpg\",\"width\":1024,\"height\":500},{\"@type\":\"BreadcrumbList\",\"@id\":\"https:\/\/consejoderectores.cl\/2011\/12\/07\/603c6d806f6c1\/#breadcrumb\",\"itemListElement\":[{\"@type\":\"ListItem\",\"position\":1,\"name\":\"Home\",\"item\":\"https:\/\/consejoderectores.cl\/\"},{\"@type\":\"ListItem\",\"position\":2,\"name\":\"Consejo de Rectores de B\u00e9lgica se re\u00fane con representantes del CRUCH\"}]},{\"@type\":\"WebSite\",\"@id\":\"https:\/\/consejoderectores.cl\/en\/#website\",\"url\":\"https:\/\/consejoderectores.cl\/en\/\",\"name\":\"Consejo de Rectoras y Rectores de las Universidades Chilenas\",\"description\":\"\",\"publisher\":{\"@id\":\"https:\/\/consejoderectores.cl\/en\/#organization\"},\"potentialAction\":[{\"@type\":\"SearchAction\",\"target\":{\"@type\":\"EntryPoint\",\"urlTemplate\":\"https:\/\/consejoderectores.cl\/en\/?s={search_term_string}\"},\"query-input\":{\"@type\":\"PropertyValueSpecification\",\"valueRequired\":true,\"valueName\":\"search_term_string\"}}],\"inLanguage\":\"en-US\"},{\"@type\":\"Organization\",\"@id\":\"https:\/\/consejoderectores.cl\/en\/#organization\",\"name\":\"Consejo de Rectoras y Rectores de las Universidades Chilenas\",\"url\":\"https:\/\/consejoderectores.cl\/en\/\",\"logo\":{\"@type\":\"ImageObject\",\"inLanguage\":\"en-US\",\"@id\":\"https:\/\/consejoderectores.cl\/en\/#\/schema\/logo\/image\/\",\"url\":\"https:\/\/consejoderectores.cl\/wp-content\/uploads\/2025\/12\/logoheader_2025.png\",\"contentUrl\":\"https:\/\/consejoderectores.cl\/wp-content\/uploads\/2025\/12\/logoheader_2025.png\",\"width\":666,\"height\":305,\"caption\":\"Consejo de Rectoras y Rectores de las Universidades Chilenas\"},\"image\":{\"@id\":\"https:\/\/consejoderectores.cl\/en\/#\/schema\/logo\/image\/\"},\"sameAs\":[\"https:\/\/x.com\/CRUCH_cl\",\"https:\/\/www.instagram.com\/consejoderectores\/\",\"https:\/\/www.linkedin.com\/company\/cruch\/\",\"https:\/\/www.youtube.com\/channel\/UCzgIFRCsDlKoFpimiQmEaOA\"]},{\"@type\":\"Person\",\"@id\":\"https:\/\/consejoderectores.cl\/en\/#\/schema\/person\/d863e44afde067fd4b57fac66ced709e\",\"name\":\"Consejo de Rectores de las Universidades Chilenas\",\"image\":{\"@type\":\"ImageObject\",\"inLanguage\":\"en-US\",\"@id\":\"https:\/\/consejoderectores.cl\/en\/#\/schema\/person\/image\/\",\"url\":\"https:\/\/secure.gravatar.com\/avatar\/c31e2a02401f041926afb8ee21ab666f0925814fe85d25a5c8db80e23722dfc1?s=96&d=mm&r=g\",\"contentUrl\":\"https:\/\/secure.gravatar.com\/avatar\/c31e2a02401f041926afb8ee21ab666f0925814fe85d25a5c8db80e23722dfc1?s=96&d=mm&r=g\",\"caption\":\"Consejo de Rectores de las Universidades Chilenas\"},\"sameAs\":[\"https:\/\/www.consejoderectores.cl\"],\"url\":\"https:\/\/consejoderectores.cl\/en\/author\/cruch\/\"}]}<\/script>\n<!-- \/ Yoast SEO plugin. -->","yoast_head_json":{"title":"Consejo de Rectores de B\u00e9lgica se re\u00fane con representantes del CRUCH - Consejo de Rectoras y Rectores de las Universidades Chilenas","robots":{"index":"index","follow":"follow","max-snippet":"max-snippet:-1","max-image-preview":"max-image-preview:large","max-video-preview":"max-video-preview:-1"},"canonical":"https:\/\/consejoderectores.cl\/en\/2011\/12\/07\/603c6d806f6c1\/","og_locale":"en_US","og_type":"article","og_title":"Consejo de Rectores de B\u00e9lgica se re\u00fane con representantes del CRUCH - Consejo de Rectoras y Rectores de las Universidades Chilenas","og_description":"En el encuentro se abordaron nuevas formas y oportunidades de cooperaci\u00f3n entre las universidades belgas y chilenas. Esta ma\u00f1ana se reunieron en las oficinas del Consejo de Rectores de las Universidades Chilenas una delegaci\u00f3n de representantes de las universidades franc\u00f3fonas belgas con rectores del CRUCH, para analizar las perspectivas de futuro de la cooperaci\u00f3n acad\u00e9mica [&hellip;]","og_url":"https:\/\/consejoderectores.cl\/en\/2011\/12\/07\/603c6d806f6c1\/","og_site_name":"Consejo de Rectoras y Rectores de las Universidades Chilenas","article_published_time":"2011-12-07T00:00:00+00:00","article_modified_time":"2022-01-26T21:47:18+00:00","og_image":[{"width":1024,"height":500,"url":"https:\/\/consejoderectores.cl\/wp-content\/uploads\/2021\/10\/declaraciones-publicas.jpg","type":"image\/jpeg"}],"author":"Consejo de Rectores de las Universidades Chilenas","twitter_card":"summary_large_image","twitter_creator":"@CRUCH_cl","twitter_site":"@CRUCH_cl","twitter_misc":{"Written by":"Consejo de Rectores de las Universidades Chilenas","Est. reading time":"1 minute"},"schema":{"@context":"https:\/\/schema.org","@graph":[{"@type":"Article","@id":"https:\/\/consejoderectores.cl\/2011\/12\/07\/603c6d806f6c1\/#article","isPartOf":{"@id":"https:\/\/consejoderectores.cl\/2011\/12\/07\/603c6d806f6c1\/"},"author":{"name":"Consejo de Rectores de las Universidades Chilenas","@id":"https:\/\/consejoderectores.cl\/en\/#\/schema\/person\/d863e44afde067fd4b57fac66ced709e"},"headline":"Consejo de Rectores de B\u00e9lgica se re\u00fane con representantes del CRUCH","datePublished":"2011-12-07T00:00:00+00:00","dateModified":"2022-01-26T21:47:18+00:00","mainEntityOfPage":{"@id":"https:\/\/consejoderectores.cl\/2011\/12\/07\/603c6d806f6c1\/"},"wordCount":251,"commentCount":0,"publisher":{"@id":"https:\/\/consejoderectores.cl\/en\/#organization"},"image":{"@id":"https:\/\/consejoderectores.cl\/2011\/12\/07\/603c6d806f6c1\/#primaryimage"},"thumbnailUrl":"https:\/\/consejoderectores.cl\/wp-content\/uploads\/2021\/10\/declaraciones-publicas.jpg","articleSection":["Noticias"],"inLanguage":"en-US","potentialAction":[{"@type":"CommentAction","name":"Comment","target":["https:\/\/consejoderectores.cl\/2011\/12\/07\/603c6d806f6c1\/#respond"]}]},{"@type":"WebPage","@id":"https:\/\/consejoderectores.cl\/2011\/12\/07\/603c6d806f6c1\/","url":"https:\/\/consejoderectores.cl\/2011\/12\/07\/603c6d806f6c1\/","name":"Consejo de Rectores de B\u00e9lgica se re\u00fane con representantes del CRUCH - Consejo de Rectoras y Rectores de las Universidades Chilenas","isPartOf":{"@id":"https:\/\/consejoderectores.cl\/en\/#website"},"primaryImageOfPage":{"@id":"https:\/\/consejoderectores.cl\/2011\/12\/07\/603c6d806f6c1\/#primaryimage"},"image":{"@id":"https:\/\/consejoderectores.cl\/2011\/12\/07\/603c6d806f6c1\/#primaryimage"},"thumbnailUrl":"https:\/\/consejoderectores.cl\/wp-content\/uploads\/2021\/10\/declaraciones-publicas.jpg","datePublished":"2011-12-07T00:00:00+00:00","dateModified":"2022-01-26T21:47:18+00:00","breadcrumb":{"@id":"https:\/\/consejoderectores.cl\/2011\/12\/07\/603c6d806f6c1\/#breadcrumb"},"inLanguage":"en-US","potentialAction":[{"@type":"ReadAction","target":["https:\/\/consejoderectores.cl\/2011\/12\/07\/603c6d806f6c1\/"]}]},{"@type":"ImageObject","inLanguage":"en-US","@id":"https:\/\/consejoderectores.cl\/2011\/12\/07\/603c6d806f6c1\/#primaryimage","url":"https:\/\/consejoderectores.cl\/wp-content\/uploads\/2021\/10\/declaraciones-publicas.jpg","contentUrl":"https:\/\/consejoderectores.cl\/wp-content\/uploads\/2021\/10\/declaraciones-publicas.jpg","width":1024,"height":500},{"@type":"BreadcrumbList","@id":"https:\/\/consejoderectores.cl\/2011\/12\/07\/603c6d806f6c1\/#breadcrumb","itemListElement":[{"@type":"ListItem","position":1,"name":"Home","item":"https:\/\/consejoderectores.cl\/"},{"@type":"ListItem","position":2,"name":"Consejo de Rectores de B\u00e9lgica se re\u00fane con representantes del CRUCH"}]},{"@type":"WebSite","@id":"https:\/\/consejoderectores.cl\/en\/#website","url":"https:\/\/consejoderectores.cl\/en\/","name":"Council of Rectors of Chilean Universities","description":"","publisher":{"@id":"https:\/\/consejoderectores.cl\/en\/#organization"},"potentialAction":[{"@type":"SearchAction","target":{"@type":"EntryPoint","urlTemplate":"https:\/\/consejoderectores.cl\/en\/?s={search_term_string}"},"query-input":{"@type":"PropertyValueSpecification","valueRequired":true,"valueName":"search_term_string"}}],"inLanguage":"en-US"},{"@type":"Organization","@id":"https:\/\/consejoderectores.cl\/en\/#organization","name":"Council of Rectors of Chilean Universities","url":"https:\/\/consejoderectores.cl\/en\/","logo":{"@type":"ImageObject","inLanguage":"en-US","@id":"https:\/\/consejoderectores.cl\/en\/#\/schema\/logo\/image\/","url":"https:\/\/consejoderectores.cl\/wp-content\/uploads\/2025\/12\/logoheader_2025.png","contentUrl":"https:\/\/consejoderectores.cl\/wp-content\/uploads\/2025\/12\/logoheader_2025.png","width":666,"height":305,"caption":"Consejo de Rectoras y Rectores de las Universidades Chilenas"},"image":{"@id":"https:\/\/consejoderectores.cl\/en\/#\/schema\/logo\/image\/"},"sameAs":["https:\/\/x.com\/CRUCH_cl","https:\/\/www.instagram.com\/consejoderectores\/","https:\/\/www.linkedin.com\/company\/cruch\/","https:\/\/www.youtube.com\/channel\/UCzgIFRCsDlKoFpimiQmEaOA"]},{"@type":"Person","@id":"https:\/\/consejoderectores.cl\/en\/#\/schema\/person\/d863e44afde067fd4b57fac66ced709e","name":"Council of Rectors of Chilean Universities","image":{"@type":"ImageObject","inLanguage":"en-US","@id":"https:\/\/consejoderectores.cl\/en\/#\/schema\/person\/image\/","url":"https:\/\/secure.gravatar.com\/avatar\/c31e2a02401f041926afb8ee21ab666f0925814fe85d25a5c8db80e23722dfc1?s=96&d=mm&r=g","contentUrl":"https:\/\/secure.gravatar.com\/avatar\/c31e2a02401f041926afb8ee21ab666f0925814fe85d25a5c8db80e23722dfc1?s=96&d=mm&r=g","caption":"Consejo de Rectores de las Universidades Chilenas"},"sameAs":["https:\/\/www.consejoderectores.cl"],"url":"https:\/\/consejoderectores.cl\/en\/author\/cruch\/"}]}},"_links":{"self":[{"href":"https:\/\/consejoderectores.cl\/en\/wp-json\/wp\/v2\/posts\/1140","targetHints":{"allow":["GET"]}}],"collection":[{"href":"https:\/\/consejoderectores.cl\/en\/wp-json\/wp\/v2\/posts"}],"about":[{"href":"https:\/\/consejoderectores.cl\/en\/wp-json\/wp\/v2\/types\/post"}],"author":[{"embeddable":true,"href":"https:\/\/consejoderectores.cl\/en\/wp-json\/wp\/v2\/users\/1"}],"replies":[{"embeddable":true,"href":"https:\/\/consejoderectores.cl\/en\/wp-json\/wp\/v2\/comments?post=1140"}],"version-history":[{"count":2,"href":"https:\/\/consejoderectores.cl\/en\/wp-json\/wp\/v2\/posts\/1140\/revisions"}],"predecessor-version":[{"id":5980,"href":"https:\/\/consejoderectores.cl\/en\/wp-json\/wp\/v2\/posts\/1140\/revisions\/5980"}],"wp:featuredmedia":[{"embeddable":true,"href":"https:\/\/consejoderectores.cl\/en\/wp-json\/wp\/v2\/media\/3592"}],"wp:attachment":[{"href":"https:\/\/consejoderectores.cl\/en\/wp-json\/wp\/v2\/media?parent=1140"}],"wp:term":[{"taxonomy":"category","embeddable":true,"href":"https:\/\/consejoderectores.cl\/en\/wp-json\/wp\/v2\/categories?post=1140"},{"taxonomy":"post_tag","embeddable":true,"href":"https:\/\/consejoderectores.cl\/en\/wp-json\/wp\/v2\/tags?post=1140"}],"curies":[{"name":"wp","href":"https:\/\/api.w.org\/{rel}","templated":true}]}}