{"id":1134,"date":"2011-11-24T00:00:00","date_gmt":"2011-11-24T00:00:00","guid":{"rendered":""},"modified":"2022-01-26T22:00:56","modified_gmt":"2022-01-26T22:00:56","slug":"603c6d806f299","status":"publish","type":"post","link":"https:\/\/consejoderectores.cl\/en\/2011\/11\/24\/603c6d806f299\/","title":{"rendered":"Prince Philippe of Belgium and university authorities visit Chile"},"content":{"rendered":"<blockquote><p>Between December 4th and 7th, Prince Philippe of Belgium will visit Chile along with a large delegation of authorities from the business and higher education sectors, among others.<\/p><\/blockquote>\n<p>The visit by Belgian university authorities aims to strengthen academic collaboration between the two countries, especially the relationship between scientific research and productive innovation, that is, university-business links.<\/p>\n<div>Among the numerous activities that will take place during those days, there are two of special relevance for the Council of Rectors of Chilean Universities, CRUCH.<\/div>\n<div><\/div>\n<div>On December 5th, a seminar on the relationship between university and innovation will be held, which will include a round table discussion where experiences or research programs that meet conditions of excellence, relationship with the productive world and links with the Belgian university community will be presented.<\/div>\n<div><\/div>\n<div>On the 6th, the Belgian rectors of the universities of Brussels, Li\u00e8ge and Louvain will meet with a group of rectors from the CRUCH universities, in order to analyze the agreement signed in 2007 and the future prospects for academic cooperation between the parties.<\/div>","protected":false},"excerpt":{"rendered":"<p>Entre los d\u00edas 4 y 7 de diciembre visitar\u00e1 Chile el Pr\u00edncipe Philippe de B\u00e9lgica junto a una amplia delegaci\u00f3n de autoridades del \u00e1mbito empresarial y de la educaci\u00f3n superior, entre otros. La visita de las autoridades universitarias belgas tiene como \u00a0prop\u00f3sito fortalecer la colaboraci\u00f3n acad\u00e9mica entre ambos pa\u00edses, especialmente la relaci\u00f3n entre la investigaci\u00f3n [&hellip;]<\/p>\n","protected":false},"author":1,"featured_media":3592,"comment_status":"open","ping_status":"open","sticky":false,"template":"","format":"standard","meta":{"_acf_changed":false,"footnotes":""},"categories":[3],"tags":[],"class_list":["post-1134","post","type-post","status-publish","format-standard","has-post-thumbnail","hentry","category-noticias"],"acf":[],"yoast_head":"<!-- This site is optimized with the Yoast SEO plugin v27.1.1 - https:\/\/yoast.com\/product\/yoast-seo-wordpress\/ -->\n<title>Pr\u00edncipe Philippe de B\u00e9lgica y autoridades universitarias visitan Chile - Consejo de Rectoras y Rectores de las Universidades Chilenas<\/title>\n<meta name=\"robots\" content=\"index, follow, max-snippet:-1, max-image-preview:large, max-video-preview:-1\" \/>\n<link rel=\"canonical\" href=\"https:\/\/consejoderectores.cl\/en\/2011\/11\/24\/603c6d806f299\/\" \/>\n<meta property=\"og:locale\" content=\"en_US\" \/>\n<meta property=\"og:type\" content=\"article\" \/>\n<meta property=\"og:title\" content=\"Pr\u00edncipe Philippe de B\u00e9lgica y autoridades universitarias visitan Chile - Consejo de Rectoras y Rectores de las Universidades Chilenas\" \/>\n<meta property=\"og:description\" content=\"Entre los d\u00edas 4 y 7 de diciembre visitar\u00e1 Chile el Pr\u00edncipe Philippe de B\u00e9lgica junto a una amplia delegaci\u00f3n de autoridades del \u00e1mbito empresarial y de la educaci\u00f3n superior, entre otros. La visita de las autoridades universitarias belgas tiene como \u00a0prop\u00f3sito fortalecer la colaboraci\u00f3n acad\u00e9mica entre ambos pa\u00edses, especialmente la relaci\u00f3n entre la investigaci\u00f3n [&hellip;]\" \/>\n<meta property=\"og:url\" content=\"https:\/\/consejoderectores.cl\/en\/2011\/11\/24\/603c6d806f299\/\" \/>\n<meta property=\"og:site_name\" content=\"Consejo de Rectoras y Rectores de las Universidades Chilenas\" \/>\n<meta property=\"article:published_time\" content=\"2011-11-24T00:00:00+00:00\" \/>\n<meta property=\"article:modified_time\" content=\"2022-01-26T22:00:56+00:00\" \/>\n<meta property=\"og:image\" content=\"https:\/\/consejoderectores.cl\/wp-content\/uploads\/2021\/10\/declaraciones-publicas.jpg\" \/>\n\t<meta property=\"og:image:width\" content=\"1024\" \/>\n\t<meta property=\"og:image:height\" content=\"500\" \/>\n\t<meta property=\"og:image:type\" content=\"image\/jpeg\" \/>\n<meta name=\"author\" content=\"Consejo de Rectores de las Universidades Chilenas\" \/>\n<meta name=\"twitter:card\" content=\"summary_large_image\" \/>\n<meta name=\"twitter:creator\" content=\"@CRUCH_cl\" \/>\n<meta name=\"twitter:site\" content=\"@CRUCH_cl\" \/>\n<meta name=\"twitter:label1\" content=\"Written by\" \/>\n\t<meta name=\"twitter:data1\" content=\"Consejo de Rectores de las Universidades Chilenas\" \/>\n\t<meta name=\"twitter:label2\" content=\"Est. reading time\" \/>\n\t<meta name=\"twitter:data2\" content=\"1 minute\" \/>\n<script type=\"application\/ld+json\" class=\"yoast-schema-graph\">{\"@context\":\"https:\/\/schema.org\",\"@graph\":[{\"@type\":\"Article\",\"@id\":\"https:\/\/consejoderectores.cl\/2011\/11\/24\/603c6d806f299\/#article\",\"isPartOf\":{\"@id\":\"https:\/\/consejoderectores.cl\/2011\/11\/24\/603c6d806f299\/\"},\"author\":{\"name\":\"Consejo de Rectores de las Universidades Chilenas\",\"@id\":\"https:\/\/consejoderectores.cl\/en\/#\/schema\/person\/d863e44afde067fd4b57fac66ced709e\"},\"headline\":\"Pr\u00edncipe Philippe de B\u00e9lgica y autoridades universitarias visitan Chile\",\"datePublished\":\"2011-11-24T00:00:00+00:00\",\"dateModified\":\"2022-01-26T22:00:56+00:00\",\"mainEntityOfPage\":{\"@id\":\"https:\/\/consejoderectores.cl\/2011\/11\/24\/603c6d806f299\/\"},\"wordCount\":224,\"commentCount\":0,\"publisher\":{\"@id\":\"https:\/\/consejoderectores.cl\/en\/#organization\"},\"image\":{\"@id\":\"https:\/\/consejoderectores.cl\/2011\/11\/24\/603c6d806f299\/#primaryimage\"},\"thumbnailUrl\":\"https:\/\/consejoderectores.cl\/wp-content\/uploads\/2021\/10\/declaraciones-publicas.jpg\",\"articleSection\":[\"Noticias\"],\"inLanguage\":\"en-US\",\"potentialAction\":[{\"@type\":\"CommentAction\",\"name\":\"Comment\",\"target\":[\"https:\/\/consejoderectores.cl\/2011\/11\/24\/603c6d806f299\/#respond\"]}]},{\"@type\":\"WebPage\",\"@id\":\"https:\/\/consejoderectores.cl\/2011\/11\/24\/603c6d806f299\/\",\"url\":\"https:\/\/consejoderectores.cl\/2011\/11\/24\/603c6d806f299\/\",\"name\":\"Pr\u00edncipe Philippe de B\u00e9lgica y autoridades universitarias visitan Chile - Consejo de Rectoras y Rectores de las Universidades Chilenas\",\"isPartOf\":{\"@id\":\"https:\/\/consejoderectores.cl\/en\/#website\"},\"primaryImageOfPage\":{\"@id\":\"https:\/\/consejoderectores.cl\/2011\/11\/24\/603c6d806f299\/#primaryimage\"},\"image\":{\"@id\":\"https:\/\/consejoderectores.cl\/2011\/11\/24\/603c6d806f299\/#primaryimage\"},\"thumbnailUrl\":\"https:\/\/consejoderectores.cl\/wp-content\/uploads\/2021\/10\/declaraciones-publicas.jpg\",\"datePublished\":\"2011-11-24T00:00:00+00:00\",\"dateModified\":\"2022-01-26T22:00:56+00:00\",\"breadcrumb\":{\"@id\":\"https:\/\/consejoderectores.cl\/2011\/11\/24\/603c6d806f299\/#breadcrumb\"},\"inLanguage\":\"en-US\",\"potentialAction\":[{\"@type\":\"ReadAction\",\"target\":[\"https:\/\/consejoderectores.cl\/2011\/11\/24\/603c6d806f299\/\"]}]},{\"@type\":\"ImageObject\",\"inLanguage\":\"en-US\",\"@id\":\"https:\/\/consejoderectores.cl\/2011\/11\/24\/603c6d806f299\/#primaryimage\",\"url\":\"https:\/\/consejoderectores.cl\/wp-content\/uploads\/2021\/10\/declaraciones-publicas.jpg\",\"contentUrl\":\"https:\/\/consejoderectores.cl\/wp-content\/uploads\/2021\/10\/declaraciones-publicas.jpg\",\"width\":1024,\"height\":500},{\"@type\":\"BreadcrumbList\",\"@id\":\"https:\/\/consejoderectores.cl\/2011\/11\/24\/603c6d806f299\/#breadcrumb\",\"itemListElement\":[{\"@type\":\"ListItem\",\"position\":1,\"name\":\"Home\",\"item\":\"https:\/\/consejoderectores.cl\/\"},{\"@type\":\"ListItem\",\"position\":2,\"name\":\"Pr\u00edncipe Philippe de B\u00e9lgica y autoridades universitarias visitan Chile\"}]},{\"@type\":\"WebSite\",\"@id\":\"https:\/\/consejoderectores.cl\/en\/#website\",\"url\":\"https:\/\/consejoderectores.cl\/en\/\",\"name\":\"Consejo de Rectoras y Rectores de las Universidades Chilenas\",\"description\":\"\",\"publisher\":{\"@id\":\"https:\/\/consejoderectores.cl\/en\/#organization\"},\"potentialAction\":[{\"@type\":\"SearchAction\",\"target\":{\"@type\":\"EntryPoint\",\"urlTemplate\":\"https:\/\/consejoderectores.cl\/en\/?s={search_term_string}\"},\"query-input\":{\"@type\":\"PropertyValueSpecification\",\"valueRequired\":true,\"valueName\":\"search_term_string\"}}],\"inLanguage\":\"en-US\"},{\"@type\":\"Organization\",\"@id\":\"https:\/\/consejoderectores.cl\/en\/#organization\",\"name\":\"Consejo de Rectoras y Rectores de las Universidades Chilenas\",\"url\":\"https:\/\/consejoderectores.cl\/en\/\",\"logo\":{\"@type\":\"ImageObject\",\"inLanguage\":\"en-US\",\"@id\":\"https:\/\/consejoderectores.cl\/en\/#\/schema\/logo\/image\/\",\"url\":\"https:\/\/consejoderectores.cl\/wp-content\/uploads\/2025\/12\/logoheader_2025.png\",\"contentUrl\":\"https:\/\/consejoderectores.cl\/wp-content\/uploads\/2025\/12\/logoheader_2025.png\",\"width\":666,\"height\":305,\"caption\":\"Consejo de Rectoras y Rectores de las Universidades Chilenas\"},\"image\":{\"@id\":\"https:\/\/consejoderectores.cl\/en\/#\/schema\/logo\/image\/\"},\"sameAs\":[\"https:\/\/x.com\/CRUCH_cl\",\"https:\/\/www.instagram.com\/consejoderectores\/\",\"https:\/\/www.linkedin.com\/company\/cruch\/\",\"https:\/\/www.youtube.com\/channel\/UCzgIFRCsDlKoFpimiQmEaOA\"]},{\"@type\":\"Person\",\"@id\":\"https:\/\/consejoderectores.cl\/en\/#\/schema\/person\/d863e44afde067fd4b57fac66ced709e\",\"name\":\"Consejo de Rectores de las Universidades Chilenas\",\"image\":{\"@type\":\"ImageObject\",\"inLanguage\":\"en-US\",\"@id\":\"https:\/\/consejoderectores.cl\/en\/#\/schema\/person\/image\/\",\"url\":\"https:\/\/secure.gravatar.com\/avatar\/c31e2a02401f041926afb8ee21ab666f0925814fe85d25a5c8db80e23722dfc1?s=96&d=mm&r=g\",\"contentUrl\":\"https:\/\/secure.gravatar.com\/avatar\/c31e2a02401f041926afb8ee21ab666f0925814fe85d25a5c8db80e23722dfc1?s=96&d=mm&r=g\",\"caption\":\"Consejo de Rectores de las Universidades Chilenas\"},\"sameAs\":[\"https:\/\/www.consejoderectores.cl\"],\"url\":\"https:\/\/consejoderectores.cl\/en\/author\/cruch\/\"}]}<\/script>\n<!-- \/ Yoast SEO plugin. -->","yoast_head_json":{"title":"Pr\u00edncipe Philippe de B\u00e9lgica y autoridades universitarias visitan Chile - Consejo de Rectoras y Rectores de las Universidades Chilenas","robots":{"index":"index","follow":"follow","max-snippet":"max-snippet:-1","max-image-preview":"max-image-preview:large","max-video-preview":"max-video-preview:-1"},"canonical":"https:\/\/consejoderectores.cl\/en\/2011\/11\/24\/603c6d806f299\/","og_locale":"en_US","og_type":"article","og_title":"Pr\u00edncipe Philippe de B\u00e9lgica y autoridades universitarias visitan Chile - Consejo de Rectoras y Rectores de las Universidades Chilenas","og_description":"Entre los d\u00edas 4 y 7 de diciembre visitar\u00e1 Chile el Pr\u00edncipe Philippe de B\u00e9lgica junto a una amplia delegaci\u00f3n de autoridades del \u00e1mbito empresarial y de la educaci\u00f3n superior, entre otros. La visita de las autoridades universitarias belgas tiene como \u00a0prop\u00f3sito fortalecer la colaboraci\u00f3n acad\u00e9mica entre ambos pa\u00edses, especialmente la relaci\u00f3n entre la investigaci\u00f3n [&hellip;]","og_url":"https:\/\/consejoderectores.cl\/en\/2011\/11\/24\/603c6d806f299\/","og_site_name":"Consejo de Rectoras y Rectores de las Universidades Chilenas","article_published_time":"2011-11-24T00:00:00+00:00","article_modified_time":"2022-01-26T22:00:56+00:00","og_image":[{"width":1024,"height":500,"url":"https:\/\/consejoderectores.cl\/wp-content\/uploads\/2021\/10\/declaraciones-publicas.jpg","type":"image\/jpeg"}],"author":"Consejo de Rectores de las Universidades Chilenas","twitter_card":"summary_large_image","twitter_creator":"@CRUCH_cl","twitter_site":"@CRUCH_cl","twitter_misc":{"Written by":"Consejo de Rectores de las Universidades Chilenas","Est. reading time":"1 minute"},"schema":{"@context":"https:\/\/schema.org","@graph":[{"@type":"Article","@id":"https:\/\/consejoderectores.cl\/2011\/11\/24\/603c6d806f299\/#article","isPartOf":{"@id":"https:\/\/consejoderectores.cl\/2011\/11\/24\/603c6d806f299\/"},"author":{"name":"Consejo de Rectores de las Universidades Chilenas","@id":"https:\/\/consejoderectores.cl\/en\/#\/schema\/person\/d863e44afde067fd4b57fac66ced709e"},"headline":"Pr\u00edncipe Philippe de B\u00e9lgica y autoridades universitarias visitan Chile","datePublished":"2011-11-24T00:00:00+00:00","dateModified":"2022-01-26T22:00:56+00:00","mainEntityOfPage":{"@id":"https:\/\/consejoderectores.cl\/2011\/11\/24\/603c6d806f299\/"},"wordCount":224,"commentCount":0,"publisher":{"@id":"https:\/\/consejoderectores.cl\/en\/#organization"},"image":{"@id":"https:\/\/consejoderectores.cl\/2011\/11\/24\/603c6d806f299\/#primaryimage"},"thumbnailUrl":"https:\/\/consejoderectores.cl\/wp-content\/uploads\/2021\/10\/declaraciones-publicas.jpg","articleSection":["Noticias"],"inLanguage":"en-US","potentialAction":[{"@type":"CommentAction","name":"Comment","target":["https:\/\/consejoderectores.cl\/2011\/11\/24\/603c6d806f299\/#respond"]}]},{"@type":"WebPage","@id":"https:\/\/consejoderectores.cl\/2011\/11\/24\/603c6d806f299\/","url":"https:\/\/consejoderectores.cl\/2011\/11\/24\/603c6d806f299\/","name":"Pr\u00edncipe Philippe de B\u00e9lgica y autoridades universitarias visitan Chile - Consejo de Rectoras y Rectores de las Universidades Chilenas","isPartOf":{"@id":"https:\/\/consejoderectores.cl\/en\/#website"},"primaryImageOfPage":{"@id":"https:\/\/consejoderectores.cl\/2011\/11\/24\/603c6d806f299\/#primaryimage"},"image":{"@id":"https:\/\/consejoderectores.cl\/2011\/11\/24\/603c6d806f299\/#primaryimage"},"thumbnailUrl":"https:\/\/consejoderectores.cl\/wp-content\/uploads\/2021\/10\/declaraciones-publicas.jpg","datePublished":"2011-11-24T00:00:00+00:00","dateModified":"2022-01-26T22:00:56+00:00","breadcrumb":{"@id":"https:\/\/consejoderectores.cl\/2011\/11\/24\/603c6d806f299\/#breadcrumb"},"inLanguage":"en-US","potentialAction":[{"@type":"ReadAction","target":["https:\/\/consejoderectores.cl\/2011\/11\/24\/603c6d806f299\/"]}]},{"@type":"ImageObject","inLanguage":"en-US","@id":"https:\/\/consejoderectores.cl\/2011\/11\/24\/603c6d806f299\/#primaryimage","url":"https:\/\/consejoderectores.cl\/wp-content\/uploads\/2021\/10\/declaraciones-publicas.jpg","contentUrl":"https:\/\/consejoderectores.cl\/wp-content\/uploads\/2021\/10\/declaraciones-publicas.jpg","width":1024,"height":500},{"@type":"BreadcrumbList","@id":"https:\/\/consejoderectores.cl\/2011\/11\/24\/603c6d806f299\/#breadcrumb","itemListElement":[{"@type":"ListItem","position":1,"name":"Home","item":"https:\/\/consejoderectores.cl\/"},{"@type":"ListItem","position":2,"name":"Pr\u00edncipe Philippe de B\u00e9lgica y autoridades universitarias visitan Chile"}]},{"@type":"WebSite","@id":"https:\/\/consejoderectores.cl\/en\/#website","url":"https:\/\/consejoderectores.cl\/en\/","name":"Council of Rectors of Chilean Universities","description":"","publisher":{"@id":"https:\/\/consejoderectores.cl\/en\/#organization"},"potentialAction":[{"@type":"SearchAction","target":{"@type":"EntryPoint","urlTemplate":"https:\/\/consejoderectores.cl\/en\/?s={search_term_string}"},"query-input":{"@type":"PropertyValueSpecification","valueRequired":true,"valueName":"search_term_string"}}],"inLanguage":"en-US"},{"@type":"Organization","@id":"https:\/\/consejoderectores.cl\/en\/#organization","name":"Council of Rectors of Chilean Universities","url":"https:\/\/consejoderectores.cl\/en\/","logo":{"@type":"ImageObject","inLanguage":"en-US","@id":"https:\/\/consejoderectores.cl\/en\/#\/schema\/logo\/image\/","url":"https:\/\/consejoderectores.cl\/wp-content\/uploads\/2025\/12\/logoheader_2025.png","contentUrl":"https:\/\/consejoderectores.cl\/wp-content\/uploads\/2025\/12\/logoheader_2025.png","width":666,"height":305,"caption":"Consejo de Rectoras y Rectores de las Universidades Chilenas"},"image":{"@id":"https:\/\/consejoderectores.cl\/en\/#\/schema\/logo\/image\/"},"sameAs":["https:\/\/x.com\/CRUCH_cl","https:\/\/www.instagram.com\/consejoderectores\/","https:\/\/www.linkedin.com\/company\/cruch\/","https:\/\/www.youtube.com\/channel\/UCzgIFRCsDlKoFpimiQmEaOA"]},{"@type":"Person","@id":"https:\/\/consejoderectores.cl\/en\/#\/schema\/person\/d863e44afde067fd4b57fac66ced709e","name":"Council of Rectors of Chilean Universities","image":{"@type":"ImageObject","inLanguage":"en-US","@id":"https:\/\/consejoderectores.cl\/en\/#\/schema\/person\/image\/","url":"https:\/\/secure.gravatar.com\/avatar\/c31e2a02401f041926afb8ee21ab666f0925814fe85d25a5c8db80e23722dfc1?s=96&d=mm&r=g","contentUrl":"https:\/\/secure.gravatar.com\/avatar\/c31e2a02401f041926afb8ee21ab666f0925814fe85d25a5c8db80e23722dfc1?s=96&d=mm&r=g","caption":"Consejo de Rectores de las Universidades Chilenas"},"sameAs":["https:\/\/www.consejoderectores.cl"],"url":"https:\/\/consejoderectores.cl\/en\/author\/cruch\/"}]}},"_links":{"self":[{"href":"https:\/\/consejoderectores.cl\/en\/wp-json\/wp\/v2\/posts\/1134","targetHints":{"allow":["GET"]}}],"collection":[{"href":"https:\/\/consejoderectores.cl\/en\/wp-json\/wp\/v2\/posts"}],"about":[{"href":"https:\/\/consejoderectores.cl\/en\/wp-json\/wp\/v2\/types\/post"}],"author":[{"embeddable":true,"href":"https:\/\/consejoderectores.cl\/en\/wp-json\/wp\/v2\/users\/1"}],"replies":[{"embeddable":true,"href":"https:\/\/consejoderectores.cl\/en\/wp-json\/wp\/v2\/comments?post=1134"}],"version-history":[{"count":2,"href":"https:\/\/consejoderectores.cl\/en\/wp-json\/wp\/v2\/posts\/1134\/revisions"}],"predecessor-version":[{"id":5988,"href":"https:\/\/consejoderectores.cl\/en\/wp-json\/wp\/v2\/posts\/1134\/revisions\/5988"}],"wp:featuredmedia":[{"embeddable":true,"href":"https:\/\/consejoderectores.cl\/en\/wp-json\/wp\/v2\/media\/3592"}],"wp:attachment":[{"href":"https:\/\/consejoderectores.cl\/en\/wp-json\/wp\/v2\/media?parent=1134"}],"wp:term":[{"taxonomy":"category","embeddable":true,"href":"https:\/\/consejoderectores.cl\/en\/wp-json\/wp\/v2\/categories?post=1134"},{"taxonomy":"post_tag","embeddable":true,"href":"https:\/\/consejoderectores.cl\/en\/wp-json\/wp\/v2\/tags?post=1134"}],"curies":[{"name":"wp","href":"https:\/\/api.w.org\/{rel}","templated":true}]}}