{"id":1128,"date":"2011-10-06T00:00:00","date_gmt":"2011-10-06T00:00:00","guid":{"rendered":""},"modified":"2022-01-26T22:26:11","modified_gmt":"2022-01-26T22:26:11","slug":"603c6d806ee64","status":"publish","type":"post","link":"https:\/\/consejoderectores.cl\/en\/2011\/10\/06\/603c6d806ee64\/","title":{"rendered":"Council of Rectors sets new date for PSU exams"},"content":{"rendered":"<blockquote><p>\u00a0The University Selection Test will be administered on December 12th and 13th. The date was changed, among other reasons, to ensure that all testing centers would be available.<\/p>\n<div>An extraordinary registration period from October 11 to 21 was also announced.<\/div>\n<\/blockquote>\n<p>In an extraordinary plenary session of the Council of Rectors of Chilean Universities (CRUCH), held today at the main building of the Catholic University, the highest university authorities decided to postpone the date of the University Selection Tests (PSU) to December 11, 12 and 13, 2011.<\/p>\n<div>According to Rector V\u00edctor P\u00e9rez, executive vice president of the Council of Rectors, this change was defined based on the following elements: the number of students enrolled, and the testing centers enabled.\n<\/div>\n<div>\u00a0Regarding the first point, the rector specified that according to the records of the Department of Educational Evaluation, Measurement and Registration (DEMRE) of the University of Chile, and in comparison with the previous year, 90% of the students have registered to date; a figure that would increase with the extraordinary registration period that will extend from the 11th to the 21st of this month.<\/div>\n<div><\/div>\n<div>\u201cAs in previous years, DEMRE has opened a new period for taking the PSU exam, so we urge young people who want to take this test and have not yet registered to do so during this new period,\u201d said Rector P\u00e9rez.\n<\/div>\n<div>Likewise, the executive vice president of CRUCH recalled that the date was postponed to ensure that all the necessary centers are available so that the conditions for taking the exam are optimal for the young people facing this important stage.<\/div>\n<div><\/div>\n<div>\u201cAccording to DEMRE figures, approximately one third of the test locations were not available for November 27, 28 and 29, but these centers would be available for the new date set.\u201d.<\/div>\n<h4>Testing schedule<\/h4>\n<div>According to the new schedule, the room familiarization will take place on Sunday, December 11. Meanwhile, on Monday, December 12, at 9:00 a.m., students will take the Language and Communication test, followed by the Science test at 2:30 p.m.<\/div>\n<div><\/div>\n<div>On Tuesday the 13th, the Mathematics test will be administered at 9:00 a.m. and the History and Social Sciences test at 2:30 p.m.<\/div>\n<div><\/div>","protected":false},"excerpt":{"rendered":"<p>\u00a0La Prueba de Selecci\u00f3n Universitaria se rendir\u00e1 el 12 y 13 de diciembre. La fecha se modific\u00f3, entre otras razones, para resguardar que \u00a0la totalidad de los centros de rendici\u00f3n de este examen estuvieran disponibles. Tambi\u00e9n se anunci\u00f3 un periodo extraordinario de inscritos del 11 al 21 de octubre. En sesi\u00f3n plenaria extraordinaria del Consejo [&hellip;]<\/p>\n","protected":false},"author":1,"featured_media":5650,"comment_status":"open","ping_status":"open","sticky":false,"template":"","format":"standard","meta":{"_acf_changed":false,"footnotes":""},"categories":[3],"tags":[],"class_list":["post-1128","post","type-post","status-publish","format-standard","has-post-thumbnail","hentry","category-noticias"],"acf":[],"yoast_head":"<!-- This site is optimized with the Yoast SEO plugin v27.1.1 - https:\/\/yoast.com\/product\/yoast-seo-wordpress\/ -->\n<title>Consejo de Rectores fija nueva fecha de rendici\u00f3n de las PSU - Consejo de Rectoras y Rectores de las Universidades Chilenas<\/title>\n<meta name=\"robots\" content=\"index, follow, max-snippet:-1, max-image-preview:large, max-video-preview:-1\" \/>\n<link rel=\"canonical\" href=\"https:\/\/consejoderectores.cl\/en\/2011\/10\/06\/603c6d806ee64\/\" \/>\n<meta property=\"og:locale\" content=\"en_US\" \/>\n<meta property=\"og:type\" content=\"article\" \/>\n<meta property=\"og:title\" content=\"Consejo de Rectores fija nueva fecha de rendici\u00f3n de las PSU - Consejo de Rectoras y Rectores de las Universidades Chilenas\" \/>\n<meta property=\"og:description\" content=\"\u00a0La Prueba de Selecci\u00f3n Universitaria se rendir\u00e1 el 12 y 13 de diciembre. La fecha se modific\u00f3, entre otras razones, para resguardar que \u00a0la totalidad de los centros de rendici\u00f3n de este examen estuvieran disponibles. Tambi\u00e9n se anunci\u00f3 un periodo extraordinario de inscritos del 11 al 21 de octubre. En sesi\u00f3n plenaria extraordinaria del Consejo [&hellip;]\" \/>\n<meta property=\"og:url\" content=\"https:\/\/consejoderectores.cl\/en\/2011\/10\/06\/603c6d806ee64\/\" \/>\n<meta property=\"og:site_name\" content=\"Consejo de Rectoras y Rectores de las Universidades Chilenas\" \/>\n<meta property=\"article:published_time\" content=\"2011-10-06T00:00:00+00:00\" \/>\n<meta property=\"article:modified_time\" content=\"2022-01-26T22:26:11+00:00\" \/>\n<meta property=\"og:image\" content=\"https:\/\/consejoderectores.cl\/wp-content\/uploads\/2013\/11\/education-g89289f836_1920.jpg\" \/>\n\t<meta property=\"og:image:width\" content=\"1920\" \/>\n\t<meta property=\"og:image:height\" content=\"1214\" \/>\n\t<meta property=\"og:image:type\" content=\"image\/jpeg\" \/>\n<meta name=\"author\" content=\"Consejo de Rectores de las Universidades Chilenas\" \/>\n<meta name=\"twitter:card\" content=\"summary_large_image\" \/>\n<meta name=\"twitter:creator\" content=\"@CRUCH_cl\" \/>\n<meta name=\"twitter:site\" content=\"@CRUCH_cl\" \/>\n<meta name=\"twitter:label1\" content=\"Written by\" \/>\n\t<meta name=\"twitter:data1\" content=\"Consejo de Rectores de las Universidades Chilenas\" \/>\n\t<meta name=\"twitter:label2\" content=\"Est. reading time\" \/>\n\t<meta name=\"twitter:data2\" content=\"2 minutes\" \/>\n<script type=\"application\/ld+json\" class=\"yoast-schema-graph\">{\"@context\":\"https:\/\/schema.org\",\"@graph\":[{\"@type\":\"Article\",\"@id\":\"https:\/\/consejoderectores.cl\/2011\/10\/06\/603c6d806ee64\/#article\",\"isPartOf\":{\"@id\":\"https:\/\/consejoderectores.cl\/2011\/10\/06\/603c6d806ee64\/\"},\"author\":{\"name\":\"Consejo de Rectores de las Universidades Chilenas\",\"@id\":\"https:\/\/consejoderectores.cl\/en\/#\/schema\/person\/d863e44afde067fd4b57fac66ced709e\"},\"headline\":\"Consejo de Rectores fija nueva fecha de rendici\u00f3n de las PSU\",\"datePublished\":\"2011-10-06T00:00:00+00:00\",\"dateModified\":\"2022-01-26T22:26:11+00:00\",\"mainEntityOfPage\":{\"@id\":\"https:\/\/consejoderectores.cl\/2011\/10\/06\/603c6d806ee64\/\"},\"wordCount\":419,\"commentCount\":0,\"publisher\":{\"@id\":\"https:\/\/consejoderectores.cl\/en\/#organization\"},\"image\":{\"@id\":\"https:\/\/consejoderectores.cl\/2011\/10\/06\/603c6d806ee64\/#primaryimage\"},\"thumbnailUrl\":\"https:\/\/consejoderectores.cl\/wp-content\/uploads\/2013\/11\/education-g89289f836_1920.jpg\",\"articleSection\":[\"Noticias\"],\"inLanguage\":\"en-US\",\"potentialAction\":[{\"@type\":\"CommentAction\",\"name\":\"Comment\",\"target\":[\"https:\/\/consejoderectores.cl\/2011\/10\/06\/603c6d806ee64\/#respond\"]}]},{\"@type\":\"WebPage\",\"@id\":\"https:\/\/consejoderectores.cl\/2011\/10\/06\/603c6d806ee64\/\",\"url\":\"https:\/\/consejoderectores.cl\/2011\/10\/06\/603c6d806ee64\/\",\"name\":\"Consejo de Rectores fija nueva fecha de rendici\u00f3n de las PSU - Consejo de Rectoras y Rectores de las Universidades Chilenas\",\"isPartOf\":{\"@id\":\"https:\/\/consejoderectores.cl\/en\/#website\"},\"primaryImageOfPage\":{\"@id\":\"https:\/\/consejoderectores.cl\/2011\/10\/06\/603c6d806ee64\/#primaryimage\"},\"image\":{\"@id\":\"https:\/\/consejoderectores.cl\/2011\/10\/06\/603c6d806ee64\/#primaryimage\"},\"thumbnailUrl\":\"https:\/\/consejoderectores.cl\/wp-content\/uploads\/2013\/11\/education-g89289f836_1920.jpg\",\"datePublished\":\"2011-10-06T00:00:00+00:00\",\"dateModified\":\"2022-01-26T22:26:11+00:00\",\"breadcrumb\":{\"@id\":\"https:\/\/consejoderectores.cl\/2011\/10\/06\/603c6d806ee64\/#breadcrumb\"},\"inLanguage\":\"en-US\",\"potentialAction\":[{\"@type\":\"ReadAction\",\"target\":[\"https:\/\/consejoderectores.cl\/2011\/10\/06\/603c6d806ee64\/\"]}]},{\"@type\":\"ImageObject\",\"inLanguage\":\"en-US\",\"@id\":\"https:\/\/consejoderectores.cl\/2011\/10\/06\/603c6d806ee64\/#primaryimage\",\"url\":\"https:\/\/consejoderectores.cl\/wp-content\/uploads\/2013\/11\/education-g89289f836_1920.jpg\",\"contentUrl\":\"https:\/\/consejoderectores.cl\/wp-content\/uploads\/2013\/11\/education-g89289f836_1920.jpg\",\"width\":1920,\"height\":1214},{\"@type\":\"BreadcrumbList\",\"@id\":\"https:\/\/consejoderectores.cl\/2011\/10\/06\/603c6d806ee64\/#breadcrumb\",\"itemListElement\":[{\"@type\":\"ListItem\",\"position\":1,\"name\":\"Home\",\"item\":\"https:\/\/consejoderectores.cl\/\"},{\"@type\":\"ListItem\",\"position\":2,\"name\":\"Consejo de Rectores fija nueva fecha de rendici\u00f3n de las PSU\"}]},{\"@type\":\"WebSite\",\"@id\":\"https:\/\/consejoderectores.cl\/en\/#website\",\"url\":\"https:\/\/consejoderectores.cl\/en\/\",\"name\":\"Consejo de Rectoras y Rectores de las Universidades Chilenas\",\"description\":\"\",\"publisher\":{\"@id\":\"https:\/\/consejoderectores.cl\/en\/#organization\"},\"potentialAction\":[{\"@type\":\"SearchAction\",\"target\":{\"@type\":\"EntryPoint\",\"urlTemplate\":\"https:\/\/consejoderectores.cl\/en\/?s={search_term_string}\"},\"query-input\":{\"@type\":\"PropertyValueSpecification\",\"valueRequired\":true,\"valueName\":\"search_term_string\"}}],\"inLanguage\":\"en-US\"},{\"@type\":\"Organization\",\"@id\":\"https:\/\/consejoderectores.cl\/en\/#organization\",\"name\":\"Consejo de Rectoras y Rectores de las Universidades Chilenas\",\"url\":\"https:\/\/consejoderectores.cl\/en\/\",\"logo\":{\"@type\":\"ImageObject\",\"inLanguage\":\"en-US\",\"@id\":\"https:\/\/consejoderectores.cl\/en\/#\/schema\/logo\/image\/\",\"url\":\"https:\/\/consejoderectores.cl\/wp-content\/uploads\/2025\/12\/logoheader_2025.png\",\"contentUrl\":\"https:\/\/consejoderectores.cl\/wp-content\/uploads\/2025\/12\/logoheader_2025.png\",\"width\":666,\"height\":305,\"caption\":\"Consejo de Rectoras y Rectores de las Universidades Chilenas\"},\"image\":{\"@id\":\"https:\/\/consejoderectores.cl\/en\/#\/schema\/logo\/image\/\"},\"sameAs\":[\"https:\/\/x.com\/CRUCH_cl\",\"https:\/\/www.instagram.com\/consejoderectores\/\",\"https:\/\/www.linkedin.com\/company\/cruch\/\",\"https:\/\/www.youtube.com\/channel\/UCzgIFRCsDlKoFpimiQmEaOA\"]},{\"@type\":\"Person\",\"@id\":\"https:\/\/consejoderectores.cl\/en\/#\/schema\/person\/d863e44afde067fd4b57fac66ced709e\",\"name\":\"Consejo de Rectores de las Universidades Chilenas\",\"image\":{\"@type\":\"ImageObject\",\"inLanguage\":\"en-US\",\"@id\":\"https:\/\/consejoderectores.cl\/en\/#\/schema\/person\/image\/\",\"url\":\"https:\/\/secure.gravatar.com\/avatar\/c31e2a02401f041926afb8ee21ab666f0925814fe85d25a5c8db80e23722dfc1?s=96&d=mm&r=g\",\"contentUrl\":\"https:\/\/secure.gravatar.com\/avatar\/c31e2a02401f041926afb8ee21ab666f0925814fe85d25a5c8db80e23722dfc1?s=96&d=mm&r=g\",\"caption\":\"Consejo de Rectores de las Universidades Chilenas\"},\"sameAs\":[\"https:\/\/www.consejoderectores.cl\"],\"url\":\"https:\/\/consejoderectores.cl\/en\/author\/cruch\/\"}]}<\/script>\n<!-- \/ Yoast SEO plugin. -->","yoast_head_json":{"title":"Consejo de Rectores fija nueva fecha de rendici\u00f3n de las PSU - Consejo de Rectoras y Rectores de las Universidades Chilenas","robots":{"index":"index","follow":"follow","max-snippet":"max-snippet:-1","max-image-preview":"max-image-preview:large","max-video-preview":"max-video-preview:-1"},"canonical":"https:\/\/consejoderectores.cl\/en\/2011\/10\/06\/603c6d806ee64\/","og_locale":"en_US","og_type":"article","og_title":"Consejo de Rectores fija nueva fecha de rendici\u00f3n de las PSU - Consejo de Rectoras y Rectores de las Universidades Chilenas","og_description":"\u00a0La Prueba de Selecci\u00f3n Universitaria se rendir\u00e1 el 12 y 13 de diciembre. La fecha se modific\u00f3, entre otras razones, para resguardar que \u00a0la totalidad de los centros de rendici\u00f3n de este examen estuvieran disponibles. Tambi\u00e9n se anunci\u00f3 un periodo extraordinario de inscritos del 11 al 21 de octubre. En sesi\u00f3n plenaria extraordinaria del Consejo [&hellip;]","og_url":"https:\/\/consejoderectores.cl\/en\/2011\/10\/06\/603c6d806ee64\/","og_site_name":"Consejo de Rectoras y Rectores de las Universidades Chilenas","article_published_time":"2011-10-06T00:00:00+00:00","article_modified_time":"2022-01-26T22:26:11+00:00","og_image":[{"width":1920,"height":1214,"url":"https:\/\/consejoderectores.cl\/wp-content\/uploads\/2013\/11\/education-g89289f836_1920.jpg","type":"image\/jpeg"}],"author":"Consejo de Rectores de las Universidades Chilenas","twitter_card":"summary_large_image","twitter_creator":"@CRUCH_cl","twitter_site":"@CRUCH_cl","twitter_misc":{"Written by":"Consejo de Rectores de las Universidades Chilenas","Est. reading time":"2 minutes"},"schema":{"@context":"https:\/\/schema.org","@graph":[{"@type":"Article","@id":"https:\/\/consejoderectores.cl\/2011\/10\/06\/603c6d806ee64\/#article","isPartOf":{"@id":"https:\/\/consejoderectores.cl\/2011\/10\/06\/603c6d806ee64\/"},"author":{"name":"Consejo de Rectores de las Universidades Chilenas","@id":"https:\/\/consejoderectores.cl\/en\/#\/schema\/person\/d863e44afde067fd4b57fac66ced709e"},"headline":"Consejo de Rectores fija nueva fecha de rendici\u00f3n de las PSU","datePublished":"2011-10-06T00:00:00+00:00","dateModified":"2022-01-26T22:26:11+00:00","mainEntityOfPage":{"@id":"https:\/\/consejoderectores.cl\/2011\/10\/06\/603c6d806ee64\/"},"wordCount":419,"commentCount":0,"publisher":{"@id":"https:\/\/consejoderectores.cl\/en\/#organization"},"image":{"@id":"https:\/\/consejoderectores.cl\/2011\/10\/06\/603c6d806ee64\/#primaryimage"},"thumbnailUrl":"https:\/\/consejoderectores.cl\/wp-content\/uploads\/2013\/11\/education-g89289f836_1920.jpg","articleSection":["Noticias"],"inLanguage":"en-US","potentialAction":[{"@type":"CommentAction","name":"Comment","target":["https:\/\/consejoderectores.cl\/2011\/10\/06\/603c6d806ee64\/#respond"]}]},{"@type":"WebPage","@id":"https:\/\/consejoderectores.cl\/2011\/10\/06\/603c6d806ee64\/","url":"https:\/\/consejoderectores.cl\/2011\/10\/06\/603c6d806ee64\/","name":"Consejo de Rectores fija nueva fecha de rendici\u00f3n de las PSU - Consejo de Rectoras y Rectores de las Universidades Chilenas","isPartOf":{"@id":"https:\/\/consejoderectores.cl\/en\/#website"},"primaryImageOfPage":{"@id":"https:\/\/consejoderectores.cl\/2011\/10\/06\/603c6d806ee64\/#primaryimage"},"image":{"@id":"https:\/\/consejoderectores.cl\/2011\/10\/06\/603c6d806ee64\/#primaryimage"},"thumbnailUrl":"https:\/\/consejoderectores.cl\/wp-content\/uploads\/2013\/11\/education-g89289f836_1920.jpg","datePublished":"2011-10-06T00:00:00+00:00","dateModified":"2022-01-26T22:26:11+00:00","breadcrumb":{"@id":"https:\/\/consejoderectores.cl\/2011\/10\/06\/603c6d806ee64\/#breadcrumb"},"inLanguage":"en-US","potentialAction":[{"@type":"ReadAction","target":["https:\/\/consejoderectores.cl\/2011\/10\/06\/603c6d806ee64\/"]}]},{"@type":"ImageObject","inLanguage":"en-US","@id":"https:\/\/consejoderectores.cl\/2011\/10\/06\/603c6d806ee64\/#primaryimage","url":"https:\/\/consejoderectores.cl\/wp-content\/uploads\/2013\/11\/education-g89289f836_1920.jpg","contentUrl":"https:\/\/consejoderectores.cl\/wp-content\/uploads\/2013\/11\/education-g89289f836_1920.jpg","width":1920,"height":1214},{"@type":"BreadcrumbList","@id":"https:\/\/consejoderectores.cl\/2011\/10\/06\/603c6d806ee64\/#breadcrumb","itemListElement":[{"@type":"ListItem","position":1,"name":"Home","item":"https:\/\/consejoderectores.cl\/"},{"@type":"ListItem","position":2,"name":"Consejo de Rectores fija nueva fecha de rendici\u00f3n de las PSU"}]},{"@type":"WebSite","@id":"https:\/\/consejoderectores.cl\/en\/#website","url":"https:\/\/consejoderectores.cl\/en\/","name":"Council of Rectors of Chilean Universities","description":"","publisher":{"@id":"https:\/\/consejoderectores.cl\/en\/#organization"},"potentialAction":[{"@type":"SearchAction","target":{"@type":"EntryPoint","urlTemplate":"https:\/\/consejoderectores.cl\/en\/?s={search_term_string}"},"query-input":{"@type":"PropertyValueSpecification","valueRequired":true,"valueName":"search_term_string"}}],"inLanguage":"en-US"},{"@type":"Organization","@id":"https:\/\/consejoderectores.cl\/en\/#organization","name":"Council of Rectors of Chilean Universities","url":"https:\/\/consejoderectores.cl\/en\/","logo":{"@type":"ImageObject","inLanguage":"en-US","@id":"https:\/\/consejoderectores.cl\/en\/#\/schema\/logo\/image\/","url":"https:\/\/consejoderectores.cl\/wp-content\/uploads\/2025\/12\/logoheader_2025.png","contentUrl":"https:\/\/consejoderectores.cl\/wp-content\/uploads\/2025\/12\/logoheader_2025.png","width":666,"height":305,"caption":"Consejo de Rectoras y Rectores de las Universidades Chilenas"},"image":{"@id":"https:\/\/consejoderectores.cl\/en\/#\/schema\/logo\/image\/"},"sameAs":["https:\/\/x.com\/CRUCH_cl","https:\/\/www.instagram.com\/consejoderectores\/","https:\/\/www.linkedin.com\/company\/cruch\/","https:\/\/www.youtube.com\/channel\/UCzgIFRCsDlKoFpimiQmEaOA"]},{"@type":"Person","@id":"https:\/\/consejoderectores.cl\/en\/#\/schema\/person\/d863e44afde067fd4b57fac66ced709e","name":"Council of Rectors of Chilean Universities","image":{"@type":"ImageObject","inLanguage":"en-US","@id":"https:\/\/consejoderectores.cl\/en\/#\/schema\/person\/image\/","url":"https:\/\/secure.gravatar.com\/avatar\/c31e2a02401f041926afb8ee21ab666f0925814fe85d25a5c8db80e23722dfc1?s=96&d=mm&r=g","contentUrl":"https:\/\/secure.gravatar.com\/avatar\/c31e2a02401f041926afb8ee21ab666f0925814fe85d25a5c8db80e23722dfc1?s=96&d=mm&r=g","caption":"Consejo de Rectores de las Universidades Chilenas"},"sameAs":["https:\/\/www.consejoderectores.cl"],"url":"https:\/\/consejoderectores.cl\/en\/author\/cruch\/"}]}},"_links":{"self":[{"href":"https:\/\/consejoderectores.cl\/en\/wp-json\/wp\/v2\/posts\/1128","targetHints":{"allow":["GET"]}}],"collection":[{"href":"https:\/\/consejoderectores.cl\/en\/wp-json\/wp\/v2\/posts"}],"about":[{"href":"https:\/\/consejoderectores.cl\/en\/wp-json\/wp\/v2\/types\/post"}],"author":[{"embeddable":true,"href":"https:\/\/consejoderectores.cl\/en\/wp-json\/wp\/v2\/users\/1"}],"replies":[{"embeddable":true,"href":"https:\/\/consejoderectores.cl\/en\/wp-json\/wp\/v2\/comments?post=1128"}],"version-history":[{"count":2,"href":"https:\/\/consejoderectores.cl\/en\/wp-json\/wp\/v2\/posts\/1128\/revisions"}],"predecessor-version":[{"id":6004,"href":"https:\/\/consejoderectores.cl\/en\/wp-json\/wp\/v2\/posts\/1128\/revisions\/6004"}],"wp:featuredmedia":[{"embeddable":true,"href":"https:\/\/consejoderectores.cl\/en\/wp-json\/wp\/v2\/media\/5650"}],"wp:attachment":[{"href":"https:\/\/consejoderectores.cl\/en\/wp-json\/wp\/v2\/media?parent=1128"}],"wp:term":[{"taxonomy":"category","embeddable":true,"href":"https:\/\/consejoderectores.cl\/en\/wp-json\/wp\/v2\/categories?post=1128"},{"taxonomy":"post_tag","embeddable":true,"href":"https:\/\/consejoderectores.cl\/en\/wp-json\/wp\/v2\/tags?post=1128"}],"curies":[{"name":"wp","href":"https:\/\/api.w.org\/{rel}","templated":true}]}}