{"id":1126,"date":"2011-09-26T00:00:00","date_gmt":"2011-09-26T00:00:00","guid":{"rendered":""},"modified":"2022-01-26T22:29:34","modified_gmt":"2022-01-26T22:29:34","slug":"603c6d806ecd5","status":"publish","type":"post","link":"https:\/\/consejoderectores.cl\/en\/2011\/09\/26\/603c6d806ecd5\/","title":{"rendered":"Rectors took stock of the 136 days of mobilizations"},"content":{"rendered":"<blockquote><p>For top university authorities, it is time for students to capitalize on their achievements and participate in higher education reform.<\/p><\/blockquote>\n<p>The rectors V\u00edctor P\u00e9rez, from the University of Chile, Ignacio S\u00e1nchez, from the Catholic University, Juan Manuel Zolezzi, from the University of Santiago and \u00c1lvaro Rojas from the University of Talca, gave an assessment of the four months of student mobilizations.<\/p>\n<div>The members of the Executive Committee of the Council of Rectors of Chilean Universities agreed that the students have achieved substantial gains through the mobilizations and that it is time to solidify the progress.<\/div>\n<div><\/div>\n<div>\u201cIt is time to honor the commitments that have been made so far. At some point, the Government pointed out the importance of the Superintendency issue, and we believe that this needs to translate into something concrete in the short term, as well as the new treatment of state universities, student aid and loans, and a law that regulates lobbying in Chile,\u201d explained Rector V\u00edctor P\u00e9rez, Executive Vice President of CRUCH.<\/div>\n<div><\/div>\n<div>Rector \u00c1lvaro Rojas emphasized that the students succeeded in placing educational issues on the agenda\u2014issues that were present in society but had not been so explicitly addressed. \u201cPutting the issue of public education and profit-making into the national debate is a success. Furthermore, (the students) moved beyond instrumental measures\u2014more loans, more funding, more resources for universities\u2014and raised substantive issues,\u201d Rector Rojas stressed.<\/div>\n<h4>Role of university rectors in student conflict<\/h4>\n<div>The rectors also analyzed the role that the Council of Rectors has played in the student conflict and pointed out that there have been both successes and failures.<\/div>\n<div><\/div>\n<div>In this regard, Rector Ignacio S\u00e1nchez highlighted as a positive point that CRUChH has consistently expressed its willingness to bridge differences, \u201cWe have always been willing to participate by uniting positions. At one point we said we could act as a bridge and were told that wasn&#039;t necessary. We have shown ourselves available to collaborate,\u201d he emphasized.<\/div>\n<div><\/div>\n<div>Regarding the difficulties that CRUCH has faced, Rector Juan Manuel Zolezzi highlighted the difficulty at certain times in knowing how to manage conflict, &quot;we have had difficulty in managing conflicts and that sometimes makes us not as spontaneous as we would like to be.&quot;.<\/div>","protected":false},"excerpt":{"rendered":"<p>Para las m\u00e1ximas autoridades universitarias es momento de que los estudiantes capitalicen sus logros y participen de reforma a la educaci\u00f3n superior. Los rectores V\u00edctor P\u00e9rez, de la Universidad de Chile, Ignacio S\u00e1nchez, de la Universidad Cat\u00f3lica, Juan Manuel Zolezzi, de la Universidad de Santiago y \u00c1lvaro Rojas de la Universidad de Talca, realizaron un [&hellip;]<\/p>\n","protected":false},"author":1,"featured_media":3592,"comment_status":"open","ping_status":"open","sticky":false,"template":"","format":"standard","meta":{"_acf_changed":false,"footnotes":""},"categories":[3],"tags":[],"class_list":["post-1126","post","type-post","status-publish","format-standard","has-post-thumbnail","hentry","category-noticias"],"acf":[],"yoast_head":"<!-- This site is optimized with the Yoast SEO plugin v27.1.1 - https:\/\/yoast.com\/product\/yoast-seo-wordpress\/ -->\n<title>Rectores realizaron balance de los 136 d\u00edas de movilizaciones - Consejo de Rectoras y Rectores de las Universidades Chilenas<\/title>\n<meta name=\"robots\" content=\"index, follow, max-snippet:-1, max-image-preview:large, max-video-preview:-1\" \/>\n<link rel=\"canonical\" href=\"https:\/\/consejoderectores.cl\/en\/2011\/09\/26\/603c6d806ecd5\/\" \/>\n<meta property=\"og:locale\" content=\"en_US\" \/>\n<meta property=\"og:type\" content=\"article\" \/>\n<meta property=\"og:title\" content=\"Rectores realizaron balance de los 136 d\u00edas de movilizaciones - Consejo de Rectoras y Rectores de las Universidades Chilenas\" \/>\n<meta property=\"og:description\" content=\"Para las m\u00e1ximas autoridades universitarias es momento de que los estudiantes capitalicen sus logros y participen de reforma a la educaci\u00f3n superior. Los rectores V\u00edctor P\u00e9rez, de la Universidad de Chile, Ignacio S\u00e1nchez, de la Universidad Cat\u00f3lica, Juan Manuel Zolezzi, de la Universidad de Santiago y \u00c1lvaro Rojas de la Universidad de Talca, realizaron un [&hellip;]\" \/>\n<meta property=\"og:url\" content=\"https:\/\/consejoderectores.cl\/en\/2011\/09\/26\/603c6d806ecd5\/\" \/>\n<meta property=\"og:site_name\" content=\"Consejo de Rectoras y Rectores de las Universidades Chilenas\" \/>\n<meta property=\"article:published_time\" content=\"2011-09-26T00:00:00+00:00\" \/>\n<meta property=\"article:modified_time\" content=\"2022-01-26T22:29:34+00:00\" \/>\n<meta property=\"og:image\" content=\"https:\/\/consejoderectores.cl\/wp-content\/uploads\/2021\/10\/declaraciones-publicas.jpg\" \/>\n\t<meta property=\"og:image:width\" content=\"1024\" \/>\n\t<meta property=\"og:image:height\" content=\"500\" \/>\n\t<meta property=\"og:image:type\" content=\"image\/jpeg\" \/>\n<meta name=\"author\" content=\"Consejo de Rectores de las Universidades Chilenas\" \/>\n<meta name=\"twitter:card\" content=\"summary_large_image\" \/>\n<meta name=\"twitter:creator\" content=\"@CRUCH_cl\" \/>\n<meta name=\"twitter:site\" content=\"@CRUCH_cl\" \/>\n<meta name=\"twitter:label1\" content=\"Written by\" \/>\n\t<meta name=\"twitter:data1\" content=\"Consejo de Rectores de las Universidades Chilenas\" \/>\n\t<meta name=\"twitter:label2\" content=\"Est. reading time\" \/>\n\t<meta name=\"twitter:data2\" content=\"2 minutes\" \/>\n<script type=\"application\/ld+json\" class=\"yoast-schema-graph\">{\"@context\":\"https:\/\/schema.org\",\"@graph\":[{\"@type\":\"Article\",\"@id\":\"https:\/\/consejoderectores.cl\/2011\/09\/26\/603c6d806ecd5\/#article\",\"isPartOf\":{\"@id\":\"https:\/\/consejoderectores.cl\/2011\/09\/26\/603c6d806ecd5\/\"},\"author\":{\"name\":\"Consejo de Rectores de las Universidades Chilenas\",\"@id\":\"https:\/\/consejoderectores.cl\/en\/#\/schema\/person\/d863e44afde067fd4b57fac66ced709e\"},\"headline\":\"Rectores realizaron balance de los 136 d\u00edas de movilizaciones\",\"datePublished\":\"2011-09-26T00:00:00+00:00\",\"dateModified\":\"2022-01-26T22:29:34+00:00\",\"mainEntityOfPage\":{\"@id\":\"https:\/\/consejoderectores.cl\/2011\/09\/26\/603c6d806ecd5\/\"},\"wordCount\":417,\"commentCount\":0,\"publisher\":{\"@id\":\"https:\/\/consejoderectores.cl\/en\/#organization\"},\"image\":{\"@id\":\"https:\/\/consejoderectores.cl\/2011\/09\/26\/603c6d806ecd5\/#primaryimage\"},\"thumbnailUrl\":\"https:\/\/consejoderectores.cl\/wp-content\/uploads\/2021\/10\/declaraciones-publicas.jpg\",\"articleSection\":[\"Noticias\"],\"inLanguage\":\"en-US\",\"potentialAction\":[{\"@type\":\"CommentAction\",\"name\":\"Comment\",\"target\":[\"https:\/\/consejoderectores.cl\/2011\/09\/26\/603c6d806ecd5\/#respond\"]}]},{\"@type\":\"WebPage\",\"@id\":\"https:\/\/consejoderectores.cl\/2011\/09\/26\/603c6d806ecd5\/\",\"url\":\"https:\/\/consejoderectores.cl\/2011\/09\/26\/603c6d806ecd5\/\",\"name\":\"Rectores realizaron balance de los 136 d\u00edas de movilizaciones - Consejo de Rectoras y Rectores de las Universidades Chilenas\",\"isPartOf\":{\"@id\":\"https:\/\/consejoderectores.cl\/en\/#website\"},\"primaryImageOfPage\":{\"@id\":\"https:\/\/consejoderectores.cl\/2011\/09\/26\/603c6d806ecd5\/#primaryimage\"},\"image\":{\"@id\":\"https:\/\/consejoderectores.cl\/2011\/09\/26\/603c6d806ecd5\/#primaryimage\"},\"thumbnailUrl\":\"https:\/\/consejoderectores.cl\/wp-content\/uploads\/2021\/10\/declaraciones-publicas.jpg\",\"datePublished\":\"2011-09-26T00:00:00+00:00\",\"dateModified\":\"2022-01-26T22:29:34+00:00\",\"breadcrumb\":{\"@id\":\"https:\/\/consejoderectores.cl\/2011\/09\/26\/603c6d806ecd5\/#breadcrumb\"},\"inLanguage\":\"en-US\",\"potentialAction\":[{\"@type\":\"ReadAction\",\"target\":[\"https:\/\/consejoderectores.cl\/2011\/09\/26\/603c6d806ecd5\/\"]}]},{\"@type\":\"ImageObject\",\"inLanguage\":\"en-US\",\"@id\":\"https:\/\/consejoderectores.cl\/2011\/09\/26\/603c6d806ecd5\/#primaryimage\",\"url\":\"https:\/\/consejoderectores.cl\/wp-content\/uploads\/2021\/10\/declaraciones-publicas.jpg\",\"contentUrl\":\"https:\/\/consejoderectores.cl\/wp-content\/uploads\/2021\/10\/declaraciones-publicas.jpg\",\"width\":1024,\"height\":500},{\"@type\":\"BreadcrumbList\",\"@id\":\"https:\/\/consejoderectores.cl\/2011\/09\/26\/603c6d806ecd5\/#breadcrumb\",\"itemListElement\":[{\"@type\":\"ListItem\",\"position\":1,\"name\":\"Home\",\"item\":\"https:\/\/consejoderectores.cl\/\"},{\"@type\":\"ListItem\",\"position\":2,\"name\":\"Rectores realizaron balance de los 136 d\u00edas de movilizaciones\"}]},{\"@type\":\"WebSite\",\"@id\":\"https:\/\/consejoderectores.cl\/en\/#website\",\"url\":\"https:\/\/consejoderectores.cl\/en\/\",\"name\":\"Consejo de Rectoras y Rectores de las Universidades Chilenas\",\"description\":\"\",\"publisher\":{\"@id\":\"https:\/\/consejoderectores.cl\/en\/#organization\"},\"potentialAction\":[{\"@type\":\"SearchAction\",\"target\":{\"@type\":\"EntryPoint\",\"urlTemplate\":\"https:\/\/consejoderectores.cl\/en\/?s={search_term_string}\"},\"query-input\":{\"@type\":\"PropertyValueSpecification\",\"valueRequired\":true,\"valueName\":\"search_term_string\"}}],\"inLanguage\":\"en-US\"},{\"@type\":\"Organization\",\"@id\":\"https:\/\/consejoderectores.cl\/en\/#organization\",\"name\":\"Consejo de Rectoras y Rectores de las Universidades Chilenas\",\"url\":\"https:\/\/consejoderectores.cl\/en\/\",\"logo\":{\"@type\":\"ImageObject\",\"inLanguage\":\"en-US\",\"@id\":\"https:\/\/consejoderectores.cl\/en\/#\/schema\/logo\/image\/\",\"url\":\"https:\/\/consejoderectores.cl\/wp-content\/uploads\/2025\/12\/logoheader_2025.png\",\"contentUrl\":\"https:\/\/consejoderectores.cl\/wp-content\/uploads\/2025\/12\/logoheader_2025.png\",\"width\":666,\"height\":305,\"caption\":\"Consejo de Rectoras y Rectores de las Universidades Chilenas\"},\"image\":{\"@id\":\"https:\/\/consejoderectores.cl\/en\/#\/schema\/logo\/image\/\"},\"sameAs\":[\"https:\/\/x.com\/CRUCH_cl\",\"https:\/\/www.instagram.com\/consejoderectores\/\",\"https:\/\/www.linkedin.com\/company\/cruch\/\",\"https:\/\/www.youtube.com\/channel\/UCzgIFRCsDlKoFpimiQmEaOA\"]},{\"@type\":\"Person\",\"@id\":\"https:\/\/consejoderectores.cl\/en\/#\/schema\/person\/d863e44afde067fd4b57fac66ced709e\",\"name\":\"Consejo de Rectores de las Universidades Chilenas\",\"image\":{\"@type\":\"ImageObject\",\"inLanguage\":\"en-US\",\"@id\":\"https:\/\/consejoderectores.cl\/en\/#\/schema\/person\/image\/\",\"url\":\"https:\/\/secure.gravatar.com\/avatar\/c31e2a02401f041926afb8ee21ab666f0925814fe85d25a5c8db80e23722dfc1?s=96&d=mm&r=g\",\"contentUrl\":\"https:\/\/secure.gravatar.com\/avatar\/c31e2a02401f041926afb8ee21ab666f0925814fe85d25a5c8db80e23722dfc1?s=96&d=mm&r=g\",\"caption\":\"Consejo de Rectores de las Universidades Chilenas\"},\"sameAs\":[\"https:\/\/www.consejoderectores.cl\"],\"url\":\"https:\/\/consejoderectores.cl\/en\/author\/cruch\/\"}]}<\/script>\n<!-- \/ Yoast SEO plugin. -->","yoast_head_json":{"title":"Rectores realizaron balance de los 136 d\u00edas de movilizaciones - Consejo de Rectoras y Rectores de las Universidades Chilenas","robots":{"index":"index","follow":"follow","max-snippet":"max-snippet:-1","max-image-preview":"max-image-preview:large","max-video-preview":"max-video-preview:-1"},"canonical":"https:\/\/consejoderectores.cl\/en\/2011\/09\/26\/603c6d806ecd5\/","og_locale":"en_US","og_type":"article","og_title":"Rectores realizaron balance de los 136 d\u00edas de movilizaciones - Consejo de Rectoras y Rectores de las Universidades Chilenas","og_description":"Para las m\u00e1ximas autoridades universitarias es momento de que los estudiantes capitalicen sus logros y participen de reforma a la educaci\u00f3n superior. Los rectores V\u00edctor P\u00e9rez, de la Universidad de Chile, Ignacio S\u00e1nchez, de la Universidad Cat\u00f3lica, Juan Manuel Zolezzi, de la Universidad de Santiago y \u00c1lvaro Rojas de la Universidad de Talca, realizaron un [&hellip;]","og_url":"https:\/\/consejoderectores.cl\/en\/2011\/09\/26\/603c6d806ecd5\/","og_site_name":"Consejo de Rectoras y Rectores de las Universidades Chilenas","article_published_time":"2011-09-26T00:00:00+00:00","article_modified_time":"2022-01-26T22:29:34+00:00","og_image":[{"width":1024,"height":500,"url":"https:\/\/consejoderectores.cl\/wp-content\/uploads\/2021\/10\/declaraciones-publicas.jpg","type":"image\/jpeg"}],"author":"Consejo de Rectores de las Universidades Chilenas","twitter_card":"summary_large_image","twitter_creator":"@CRUCH_cl","twitter_site":"@CRUCH_cl","twitter_misc":{"Written by":"Consejo de Rectores de las Universidades Chilenas","Est. reading time":"2 minutes"},"schema":{"@context":"https:\/\/schema.org","@graph":[{"@type":"Article","@id":"https:\/\/consejoderectores.cl\/2011\/09\/26\/603c6d806ecd5\/#article","isPartOf":{"@id":"https:\/\/consejoderectores.cl\/2011\/09\/26\/603c6d806ecd5\/"},"author":{"name":"Consejo de Rectores de las Universidades Chilenas","@id":"https:\/\/consejoderectores.cl\/en\/#\/schema\/person\/d863e44afde067fd4b57fac66ced709e"},"headline":"Rectores realizaron balance de los 136 d\u00edas de movilizaciones","datePublished":"2011-09-26T00:00:00+00:00","dateModified":"2022-01-26T22:29:34+00:00","mainEntityOfPage":{"@id":"https:\/\/consejoderectores.cl\/2011\/09\/26\/603c6d806ecd5\/"},"wordCount":417,"commentCount":0,"publisher":{"@id":"https:\/\/consejoderectores.cl\/en\/#organization"},"image":{"@id":"https:\/\/consejoderectores.cl\/2011\/09\/26\/603c6d806ecd5\/#primaryimage"},"thumbnailUrl":"https:\/\/consejoderectores.cl\/wp-content\/uploads\/2021\/10\/declaraciones-publicas.jpg","articleSection":["Noticias"],"inLanguage":"en-US","potentialAction":[{"@type":"CommentAction","name":"Comment","target":["https:\/\/consejoderectores.cl\/2011\/09\/26\/603c6d806ecd5\/#respond"]}]},{"@type":"WebPage","@id":"https:\/\/consejoderectores.cl\/2011\/09\/26\/603c6d806ecd5\/","url":"https:\/\/consejoderectores.cl\/2011\/09\/26\/603c6d806ecd5\/","name":"Rectores realizaron balance de los 136 d\u00edas de movilizaciones - Consejo de Rectoras y Rectores de las Universidades Chilenas","isPartOf":{"@id":"https:\/\/consejoderectores.cl\/en\/#website"},"primaryImageOfPage":{"@id":"https:\/\/consejoderectores.cl\/2011\/09\/26\/603c6d806ecd5\/#primaryimage"},"image":{"@id":"https:\/\/consejoderectores.cl\/2011\/09\/26\/603c6d806ecd5\/#primaryimage"},"thumbnailUrl":"https:\/\/consejoderectores.cl\/wp-content\/uploads\/2021\/10\/declaraciones-publicas.jpg","datePublished":"2011-09-26T00:00:00+00:00","dateModified":"2022-01-26T22:29:34+00:00","breadcrumb":{"@id":"https:\/\/consejoderectores.cl\/2011\/09\/26\/603c6d806ecd5\/#breadcrumb"},"inLanguage":"en-US","potentialAction":[{"@type":"ReadAction","target":["https:\/\/consejoderectores.cl\/2011\/09\/26\/603c6d806ecd5\/"]}]},{"@type":"ImageObject","inLanguage":"en-US","@id":"https:\/\/consejoderectores.cl\/2011\/09\/26\/603c6d806ecd5\/#primaryimage","url":"https:\/\/consejoderectores.cl\/wp-content\/uploads\/2021\/10\/declaraciones-publicas.jpg","contentUrl":"https:\/\/consejoderectores.cl\/wp-content\/uploads\/2021\/10\/declaraciones-publicas.jpg","width":1024,"height":500},{"@type":"BreadcrumbList","@id":"https:\/\/consejoderectores.cl\/2011\/09\/26\/603c6d806ecd5\/#breadcrumb","itemListElement":[{"@type":"ListItem","position":1,"name":"Home","item":"https:\/\/consejoderectores.cl\/"},{"@type":"ListItem","position":2,"name":"Rectores realizaron balance de los 136 d\u00edas de movilizaciones"}]},{"@type":"WebSite","@id":"https:\/\/consejoderectores.cl\/en\/#website","url":"https:\/\/consejoderectores.cl\/en\/","name":"Council of Rectors of Chilean Universities","description":"","publisher":{"@id":"https:\/\/consejoderectores.cl\/en\/#organization"},"potentialAction":[{"@type":"SearchAction","target":{"@type":"EntryPoint","urlTemplate":"https:\/\/consejoderectores.cl\/en\/?s={search_term_string}"},"query-input":{"@type":"PropertyValueSpecification","valueRequired":true,"valueName":"search_term_string"}}],"inLanguage":"en-US"},{"@type":"Organization","@id":"https:\/\/consejoderectores.cl\/en\/#organization","name":"Council of Rectors of Chilean Universities","url":"https:\/\/consejoderectores.cl\/en\/","logo":{"@type":"ImageObject","inLanguage":"en-US","@id":"https:\/\/consejoderectores.cl\/en\/#\/schema\/logo\/image\/","url":"https:\/\/consejoderectores.cl\/wp-content\/uploads\/2025\/12\/logoheader_2025.png","contentUrl":"https:\/\/consejoderectores.cl\/wp-content\/uploads\/2025\/12\/logoheader_2025.png","width":666,"height":305,"caption":"Consejo de Rectoras y Rectores de las Universidades Chilenas"},"image":{"@id":"https:\/\/consejoderectores.cl\/en\/#\/schema\/logo\/image\/"},"sameAs":["https:\/\/x.com\/CRUCH_cl","https:\/\/www.instagram.com\/consejoderectores\/","https:\/\/www.linkedin.com\/company\/cruch\/","https:\/\/www.youtube.com\/channel\/UCzgIFRCsDlKoFpimiQmEaOA"]},{"@type":"Person","@id":"https:\/\/consejoderectores.cl\/en\/#\/schema\/person\/d863e44afde067fd4b57fac66ced709e","name":"Council of Rectors of Chilean Universities","image":{"@type":"ImageObject","inLanguage":"en-US","@id":"https:\/\/consejoderectores.cl\/en\/#\/schema\/person\/image\/","url":"https:\/\/secure.gravatar.com\/avatar\/c31e2a02401f041926afb8ee21ab666f0925814fe85d25a5c8db80e23722dfc1?s=96&d=mm&r=g","contentUrl":"https:\/\/secure.gravatar.com\/avatar\/c31e2a02401f041926afb8ee21ab666f0925814fe85d25a5c8db80e23722dfc1?s=96&d=mm&r=g","caption":"Consejo de Rectores de las Universidades Chilenas"},"sameAs":["https:\/\/www.consejoderectores.cl"],"url":"https:\/\/consejoderectores.cl\/en\/author\/cruch\/"}]}},"_links":{"self":[{"href":"https:\/\/consejoderectores.cl\/en\/wp-json\/wp\/v2\/posts\/1126","targetHints":{"allow":["GET"]}}],"collection":[{"href":"https:\/\/consejoderectores.cl\/en\/wp-json\/wp\/v2\/posts"}],"about":[{"href":"https:\/\/consejoderectores.cl\/en\/wp-json\/wp\/v2\/types\/post"}],"author":[{"embeddable":true,"href":"https:\/\/consejoderectores.cl\/en\/wp-json\/wp\/v2\/users\/1"}],"replies":[{"embeddable":true,"href":"https:\/\/consejoderectores.cl\/en\/wp-json\/wp\/v2\/comments?post=1126"}],"version-history":[{"count":2,"href":"https:\/\/consejoderectores.cl\/en\/wp-json\/wp\/v2\/posts\/1126\/revisions"}],"predecessor-version":[{"id":6007,"href":"https:\/\/consejoderectores.cl\/en\/wp-json\/wp\/v2\/posts\/1126\/revisions\/6007"}],"wp:featuredmedia":[{"embeddable":true,"href":"https:\/\/consejoderectores.cl\/en\/wp-json\/wp\/v2\/media\/3592"}],"wp:attachment":[{"href":"https:\/\/consejoderectores.cl\/en\/wp-json\/wp\/v2\/media?parent=1126"}],"wp:term":[{"taxonomy":"category","embeddable":true,"href":"https:\/\/consejoderectores.cl\/en\/wp-json\/wp\/v2\/categories?post=1126"},{"taxonomy":"post_tag","embeddable":true,"href":"https:\/\/consejoderectores.cl\/en\/wp-json\/wp\/v2\/tags?post=1126"}],"curies":[{"name":"wp","href":"https:\/\/api.w.org\/{rel}","templated":true}]}}