{"id":1115,"date":"2011-07-29T00:00:00","date_gmt":"2011-07-29T00:00:00","guid":{"rendered":""},"modified":"2022-01-27T17:19:25","modified_gmt":"2022-01-27T17:19:25","slug":"603c6d806e4d4","status":"publish","type":"post","link":"https:\/\/consejoderectores.cl\/en\/2011\/07\/29\/603c6d806e4d4\/","title":{"rendered":"Council of Rectors called on students to reconcile the normalization of academic activities with their mobilizations"},"content":{"rendered":"<blockquote><p>\u00a0The CRUCH sent CONFECH a public statement in which they assure students of special conditions to complete this process.<\/p><\/blockquote>\n<p>In a plenary session of the Council of Rectors of Chilean Universities (CRUCH), held yesterday at the Catholic University of the Holy Conception, the rectors analyzed the current scenario of educational reform and mobilizations, and called on university students to normalize teaching activities while maintaining the student movement.<\/p>\n<div>\u201cThe students have achieved many successes, placing education on the political agenda, and it is undoubtedly a priority today. Now we invite them to move into a new phase, to continue the student movement, to delve deeper into the content of their legitimate demands, while normalizing academic activities at our universities,\u201d stated V\u00edctor P\u00e9rez, executive vice president of CRUCH.<\/div>\n<div><\/div>\n<div>\u201cWe believe that student participation is compatible with the normalization of academic activities,\u201d added Rector Ignacio S\u00e1nchez, a member of the CRUCH executive committee.<\/div>\n<h4>Special conditions<\/h4>\n<div>After yesterday&#039;s events, the Council sent a public statement to the representatives of the Confederation of Students of Chile (CONFECH), in which - in addition to calling on young people to resume academic activities - they offered them certain special conditions so that they could continue with the mobilizations.<\/div>\n<div><\/div>\n<div>Among these conditions, the following stand out: ensuring protected schedules for university students, open spaces for reflection, and academic rescheduling that allows for broad participation of all students, academics, and staff.<\/div>\n<div><\/div>\n<div>In addition to the above, the CRUCH analyzed the formation of the working groups and indicated its willingness to continue working with the Ministry of Education. \u201cAs the Council of Rectors, there was full agreement on the need to actively participate in the working groups that will discuss the various aspects of the reform,\u201c stated Rector Ignacio S\u00e1nchez.<\/div>","protected":false},"excerpt":{"rendered":"<p>\u00a0El CRUCH envi\u00f3 a la CONFECH una declaraci\u00f3n p\u00fablica en la cual aseguran a los estudiantes condiciones especiales para concretar este proceso. En sesi\u00f3n plenaria del Consejo de Rectores de las Universidades Chilenas (CRUCH), realizada ayer en la Universidad Cat\u00f3lica de la Sant\u00edsima Concepci\u00f3n, los rectores analizaron el actual escenario de reforma educacional y movilizaciones, [&hellip;]<\/p>\n","protected":false},"author":1,"featured_media":3592,"comment_status":"open","ping_status":"open","sticky":false,"template":"","format":"standard","meta":{"_acf_changed":false,"footnotes":""},"categories":[3],"tags":[],"class_list":["post-1115","post","type-post","status-publish","format-standard","has-post-thumbnail","hentry","category-noticias"],"acf":[],"yoast_head":"<!-- This site is optimized with the Yoast SEO plugin v27.1.1 - https:\/\/yoast.com\/product\/yoast-seo-wordpress\/ -->\n<title>Consejo de Rectores realiz\u00f3 un llamado a los estudiantes a compatibilizar la normalizaci\u00f3n de las actividades acad\u00e9micas con sus movilizaciones - Consejo de Rectoras y Rectores de las Universidades Chilenas<\/title>\n<meta name=\"robots\" content=\"index, follow, max-snippet:-1, max-image-preview:large, max-video-preview:-1\" \/>\n<link rel=\"canonical\" href=\"https:\/\/consejoderectores.cl\/en\/2011\/07\/29\/603c6d806e4d4\/\" \/>\n<meta property=\"og:locale\" content=\"en_US\" \/>\n<meta property=\"og:type\" content=\"article\" \/>\n<meta property=\"og:title\" content=\"Consejo de Rectores realiz\u00f3 un llamado a los estudiantes a compatibilizar la normalizaci\u00f3n de las actividades acad\u00e9micas con sus movilizaciones - Consejo de Rectoras y Rectores de las Universidades Chilenas\" \/>\n<meta property=\"og:description\" content=\"\u00a0El CRUCH envi\u00f3 a la CONFECH una declaraci\u00f3n p\u00fablica en la cual aseguran a los estudiantes condiciones especiales para concretar este proceso. En sesi\u00f3n plenaria del Consejo de Rectores de las Universidades Chilenas (CRUCH), realizada ayer en la Universidad Cat\u00f3lica de la Sant\u00edsima Concepci\u00f3n, los rectores analizaron el actual escenario de reforma educacional y movilizaciones, [&hellip;]\" \/>\n<meta property=\"og:url\" content=\"https:\/\/consejoderectores.cl\/en\/2011\/07\/29\/603c6d806e4d4\/\" \/>\n<meta property=\"og:site_name\" content=\"Consejo de Rectoras y Rectores de las Universidades Chilenas\" \/>\n<meta property=\"article:published_time\" content=\"2011-07-29T00:00:00+00:00\" \/>\n<meta property=\"article:modified_time\" content=\"2022-01-27T17:19:25+00:00\" \/>\n<meta property=\"og:image\" content=\"https:\/\/consejoderectores.cl\/wp-content\/uploads\/2021\/10\/declaraciones-publicas.jpg\" \/>\n\t<meta property=\"og:image:width\" content=\"1024\" \/>\n\t<meta property=\"og:image:height\" content=\"500\" \/>\n\t<meta property=\"og:image:type\" content=\"image\/jpeg\" \/>\n<meta name=\"author\" content=\"Consejo de Rectores de las Universidades Chilenas\" \/>\n<meta name=\"twitter:card\" content=\"summary_large_image\" \/>\n<meta name=\"twitter:creator\" content=\"@CRUCH_cl\" \/>\n<meta name=\"twitter:site\" content=\"@CRUCH_cl\" \/>\n<meta name=\"twitter:label1\" content=\"Written by\" \/>\n\t<meta name=\"twitter:data1\" content=\"Consejo de Rectores de las Universidades Chilenas\" \/>\n\t<meta name=\"twitter:label2\" content=\"Est. reading time\" \/>\n\t<meta name=\"twitter:data2\" content=\"2 minutes\" \/>\n<script type=\"application\/ld+json\" class=\"yoast-schema-graph\">{\"@context\":\"https:\/\/schema.org\",\"@graph\":[{\"@type\":\"Article\",\"@id\":\"https:\/\/consejoderectores.cl\/2011\/07\/29\/603c6d806e4d4\/#article\",\"isPartOf\":{\"@id\":\"https:\/\/consejoderectores.cl\/2011\/07\/29\/603c6d806e4d4\/\"},\"author\":{\"name\":\"Consejo de Rectores de las Universidades Chilenas\",\"@id\":\"https:\/\/consejoderectores.cl\/en\/#\/schema\/person\/d863e44afde067fd4b57fac66ced709e\"},\"headline\":\"Consejo de Rectores realiz\u00f3 un llamado a los estudiantes a compatibilizar la normalizaci\u00f3n de las actividades acad\u00e9micas con sus movilizaciones\",\"datePublished\":\"2011-07-29T00:00:00+00:00\",\"dateModified\":\"2022-01-27T17:19:25+00:00\",\"mainEntityOfPage\":{\"@id\":\"https:\/\/consejoderectores.cl\/2011\/07\/29\/603c6d806e4d4\/\"},\"wordCount\":354,\"commentCount\":0,\"publisher\":{\"@id\":\"https:\/\/consejoderectores.cl\/en\/#organization\"},\"image\":{\"@id\":\"https:\/\/consejoderectores.cl\/2011\/07\/29\/603c6d806e4d4\/#primaryimage\"},\"thumbnailUrl\":\"https:\/\/consejoderectores.cl\/wp-content\/uploads\/2021\/10\/declaraciones-publicas.jpg\",\"articleSection\":[\"Noticias\"],\"inLanguage\":\"en-US\",\"potentialAction\":[{\"@type\":\"CommentAction\",\"name\":\"Comment\",\"target\":[\"https:\/\/consejoderectores.cl\/2011\/07\/29\/603c6d806e4d4\/#respond\"]}]},{\"@type\":\"WebPage\",\"@id\":\"https:\/\/consejoderectores.cl\/2011\/07\/29\/603c6d806e4d4\/\",\"url\":\"https:\/\/consejoderectores.cl\/2011\/07\/29\/603c6d806e4d4\/\",\"name\":\"Consejo de Rectores realiz\u00f3 un llamado a los estudiantes a compatibilizar la normalizaci\u00f3n de las actividades acad\u00e9micas con sus movilizaciones - Consejo de Rectoras y Rectores de las Universidades Chilenas\",\"isPartOf\":{\"@id\":\"https:\/\/consejoderectores.cl\/en\/#website\"},\"primaryImageOfPage\":{\"@id\":\"https:\/\/consejoderectores.cl\/2011\/07\/29\/603c6d806e4d4\/#primaryimage\"},\"image\":{\"@id\":\"https:\/\/consejoderectores.cl\/2011\/07\/29\/603c6d806e4d4\/#primaryimage\"},\"thumbnailUrl\":\"https:\/\/consejoderectores.cl\/wp-content\/uploads\/2021\/10\/declaraciones-publicas.jpg\",\"datePublished\":\"2011-07-29T00:00:00+00:00\",\"dateModified\":\"2022-01-27T17:19:25+00:00\",\"breadcrumb\":{\"@id\":\"https:\/\/consejoderectores.cl\/2011\/07\/29\/603c6d806e4d4\/#breadcrumb\"},\"inLanguage\":\"en-US\",\"potentialAction\":[{\"@type\":\"ReadAction\",\"target\":[\"https:\/\/consejoderectores.cl\/2011\/07\/29\/603c6d806e4d4\/\"]}]},{\"@type\":\"ImageObject\",\"inLanguage\":\"en-US\",\"@id\":\"https:\/\/consejoderectores.cl\/2011\/07\/29\/603c6d806e4d4\/#primaryimage\",\"url\":\"https:\/\/consejoderectores.cl\/wp-content\/uploads\/2021\/10\/declaraciones-publicas.jpg\",\"contentUrl\":\"https:\/\/consejoderectores.cl\/wp-content\/uploads\/2021\/10\/declaraciones-publicas.jpg\",\"width\":1024,\"height\":500},{\"@type\":\"BreadcrumbList\",\"@id\":\"https:\/\/consejoderectores.cl\/2011\/07\/29\/603c6d806e4d4\/#breadcrumb\",\"itemListElement\":[{\"@type\":\"ListItem\",\"position\":1,\"name\":\"Home\",\"item\":\"https:\/\/consejoderectores.cl\/\"},{\"@type\":\"ListItem\",\"position\":2,\"name\":\"Consejo de Rectores realiz\u00f3 un llamado a los estudiantes a compatibilizar la normalizaci\u00f3n de las actividades acad\u00e9micas con sus movilizaciones\"}]},{\"@type\":\"WebSite\",\"@id\":\"https:\/\/consejoderectores.cl\/en\/#website\",\"url\":\"https:\/\/consejoderectores.cl\/en\/\",\"name\":\"Consejo de Rectoras y Rectores de las Universidades Chilenas\",\"description\":\"\",\"publisher\":{\"@id\":\"https:\/\/consejoderectores.cl\/en\/#organization\"},\"potentialAction\":[{\"@type\":\"SearchAction\",\"target\":{\"@type\":\"EntryPoint\",\"urlTemplate\":\"https:\/\/consejoderectores.cl\/en\/?s={search_term_string}\"},\"query-input\":{\"@type\":\"PropertyValueSpecification\",\"valueRequired\":true,\"valueName\":\"search_term_string\"}}],\"inLanguage\":\"en-US\"},{\"@type\":\"Organization\",\"@id\":\"https:\/\/consejoderectores.cl\/en\/#organization\",\"name\":\"Consejo de Rectoras y Rectores de las Universidades Chilenas\",\"url\":\"https:\/\/consejoderectores.cl\/en\/\",\"logo\":{\"@type\":\"ImageObject\",\"inLanguage\":\"en-US\",\"@id\":\"https:\/\/consejoderectores.cl\/en\/#\/schema\/logo\/image\/\",\"url\":\"https:\/\/consejoderectores.cl\/wp-content\/uploads\/2025\/12\/logoheader_2025.png\",\"contentUrl\":\"https:\/\/consejoderectores.cl\/wp-content\/uploads\/2025\/12\/logoheader_2025.png\",\"width\":666,\"height\":305,\"caption\":\"Consejo de Rectoras y Rectores de las Universidades Chilenas\"},\"image\":{\"@id\":\"https:\/\/consejoderectores.cl\/en\/#\/schema\/logo\/image\/\"},\"sameAs\":[\"https:\/\/x.com\/CRUCH_cl\",\"https:\/\/www.instagram.com\/consejoderectores\/\",\"https:\/\/www.linkedin.com\/company\/cruch\/\",\"https:\/\/www.youtube.com\/channel\/UCzgIFRCsDlKoFpimiQmEaOA\"]},{\"@type\":\"Person\",\"@id\":\"https:\/\/consejoderectores.cl\/en\/#\/schema\/person\/d863e44afde067fd4b57fac66ced709e\",\"name\":\"Consejo de Rectores de las Universidades Chilenas\",\"image\":{\"@type\":\"ImageObject\",\"inLanguage\":\"en-US\",\"@id\":\"https:\/\/consejoderectores.cl\/en\/#\/schema\/person\/image\/\",\"url\":\"https:\/\/secure.gravatar.com\/avatar\/c31e2a02401f041926afb8ee21ab666f0925814fe85d25a5c8db80e23722dfc1?s=96&d=mm&r=g\",\"contentUrl\":\"https:\/\/secure.gravatar.com\/avatar\/c31e2a02401f041926afb8ee21ab666f0925814fe85d25a5c8db80e23722dfc1?s=96&d=mm&r=g\",\"caption\":\"Consejo de Rectores de las Universidades Chilenas\"},\"sameAs\":[\"https:\/\/www.consejoderectores.cl\"],\"url\":\"https:\/\/consejoderectores.cl\/en\/author\/cruch\/\"}]}<\/script>\n<!-- \/ Yoast SEO plugin. -->","yoast_head_json":{"title":"Consejo de Rectores realiz\u00f3 un llamado a los estudiantes a compatibilizar la normalizaci\u00f3n de las actividades acad\u00e9micas con sus movilizaciones - Consejo de Rectoras y Rectores de las Universidades Chilenas","robots":{"index":"index","follow":"follow","max-snippet":"max-snippet:-1","max-image-preview":"max-image-preview:large","max-video-preview":"max-video-preview:-1"},"canonical":"https:\/\/consejoderectores.cl\/en\/2011\/07\/29\/603c6d806e4d4\/","og_locale":"en_US","og_type":"article","og_title":"Consejo de Rectores realiz\u00f3 un llamado a los estudiantes a compatibilizar la normalizaci\u00f3n de las actividades acad\u00e9micas con sus movilizaciones - Consejo de Rectoras y Rectores de las Universidades Chilenas","og_description":"\u00a0El CRUCH envi\u00f3 a la CONFECH una declaraci\u00f3n p\u00fablica en la cual aseguran a los estudiantes condiciones especiales para concretar este proceso. En sesi\u00f3n plenaria del Consejo de Rectores de las Universidades Chilenas (CRUCH), realizada ayer en la Universidad Cat\u00f3lica de la Sant\u00edsima Concepci\u00f3n, los rectores analizaron el actual escenario de reforma educacional y movilizaciones, [&hellip;]","og_url":"https:\/\/consejoderectores.cl\/en\/2011\/07\/29\/603c6d806e4d4\/","og_site_name":"Consejo de Rectoras y Rectores de las Universidades Chilenas","article_published_time":"2011-07-29T00:00:00+00:00","article_modified_time":"2022-01-27T17:19:25+00:00","og_image":[{"width":1024,"height":500,"url":"https:\/\/consejoderectores.cl\/wp-content\/uploads\/2021\/10\/declaraciones-publicas.jpg","type":"image\/jpeg"}],"author":"Consejo de Rectores de las Universidades Chilenas","twitter_card":"summary_large_image","twitter_creator":"@CRUCH_cl","twitter_site":"@CRUCH_cl","twitter_misc":{"Written by":"Consejo de Rectores de las Universidades Chilenas","Est. reading time":"2 minutes"},"schema":{"@context":"https:\/\/schema.org","@graph":[{"@type":"Article","@id":"https:\/\/consejoderectores.cl\/2011\/07\/29\/603c6d806e4d4\/#article","isPartOf":{"@id":"https:\/\/consejoderectores.cl\/2011\/07\/29\/603c6d806e4d4\/"},"author":{"name":"Consejo de Rectores de las Universidades Chilenas","@id":"https:\/\/consejoderectores.cl\/en\/#\/schema\/person\/d863e44afde067fd4b57fac66ced709e"},"headline":"Consejo de Rectores realiz\u00f3 un llamado a los estudiantes a compatibilizar la normalizaci\u00f3n de las actividades acad\u00e9micas con sus movilizaciones","datePublished":"2011-07-29T00:00:00+00:00","dateModified":"2022-01-27T17:19:25+00:00","mainEntityOfPage":{"@id":"https:\/\/consejoderectores.cl\/2011\/07\/29\/603c6d806e4d4\/"},"wordCount":354,"commentCount":0,"publisher":{"@id":"https:\/\/consejoderectores.cl\/en\/#organization"},"image":{"@id":"https:\/\/consejoderectores.cl\/2011\/07\/29\/603c6d806e4d4\/#primaryimage"},"thumbnailUrl":"https:\/\/consejoderectores.cl\/wp-content\/uploads\/2021\/10\/declaraciones-publicas.jpg","articleSection":["Noticias"],"inLanguage":"en-US","potentialAction":[{"@type":"CommentAction","name":"Comment","target":["https:\/\/consejoderectores.cl\/2011\/07\/29\/603c6d806e4d4\/#respond"]}]},{"@type":"WebPage","@id":"https:\/\/consejoderectores.cl\/2011\/07\/29\/603c6d806e4d4\/","url":"https:\/\/consejoderectores.cl\/2011\/07\/29\/603c6d806e4d4\/","name":"Consejo de Rectores realiz\u00f3 un llamado a los estudiantes a compatibilizar la normalizaci\u00f3n de las actividades acad\u00e9micas con sus movilizaciones - Consejo de Rectoras y Rectores de las Universidades Chilenas","isPartOf":{"@id":"https:\/\/consejoderectores.cl\/en\/#website"},"primaryImageOfPage":{"@id":"https:\/\/consejoderectores.cl\/2011\/07\/29\/603c6d806e4d4\/#primaryimage"},"image":{"@id":"https:\/\/consejoderectores.cl\/2011\/07\/29\/603c6d806e4d4\/#primaryimage"},"thumbnailUrl":"https:\/\/consejoderectores.cl\/wp-content\/uploads\/2021\/10\/declaraciones-publicas.jpg","datePublished":"2011-07-29T00:00:00+00:00","dateModified":"2022-01-27T17:19:25+00:00","breadcrumb":{"@id":"https:\/\/consejoderectores.cl\/2011\/07\/29\/603c6d806e4d4\/#breadcrumb"},"inLanguage":"en-US","potentialAction":[{"@type":"ReadAction","target":["https:\/\/consejoderectores.cl\/2011\/07\/29\/603c6d806e4d4\/"]}]},{"@type":"ImageObject","inLanguage":"en-US","@id":"https:\/\/consejoderectores.cl\/2011\/07\/29\/603c6d806e4d4\/#primaryimage","url":"https:\/\/consejoderectores.cl\/wp-content\/uploads\/2021\/10\/declaraciones-publicas.jpg","contentUrl":"https:\/\/consejoderectores.cl\/wp-content\/uploads\/2021\/10\/declaraciones-publicas.jpg","width":1024,"height":500},{"@type":"BreadcrumbList","@id":"https:\/\/consejoderectores.cl\/2011\/07\/29\/603c6d806e4d4\/#breadcrumb","itemListElement":[{"@type":"ListItem","position":1,"name":"Home","item":"https:\/\/consejoderectores.cl\/"},{"@type":"ListItem","position":2,"name":"Consejo de Rectores realiz\u00f3 un llamado a los estudiantes a compatibilizar la normalizaci\u00f3n de las actividades acad\u00e9micas con sus movilizaciones"}]},{"@type":"WebSite","@id":"https:\/\/consejoderectores.cl\/en\/#website","url":"https:\/\/consejoderectores.cl\/en\/","name":"Council of Rectors of Chilean Universities","description":"","publisher":{"@id":"https:\/\/consejoderectores.cl\/en\/#organization"},"potentialAction":[{"@type":"SearchAction","target":{"@type":"EntryPoint","urlTemplate":"https:\/\/consejoderectores.cl\/en\/?s={search_term_string}"},"query-input":{"@type":"PropertyValueSpecification","valueRequired":true,"valueName":"search_term_string"}}],"inLanguage":"en-US"},{"@type":"Organization","@id":"https:\/\/consejoderectores.cl\/en\/#organization","name":"Council of Rectors of Chilean Universities","url":"https:\/\/consejoderectores.cl\/en\/","logo":{"@type":"ImageObject","inLanguage":"en-US","@id":"https:\/\/consejoderectores.cl\/en\/#\/schema\/logo\/image\/","url":"https:\/\/consejoderectores.cl\/wp-content\/uploads\/2025\/12\/logoheader_2025.png","contentUrl":"https:\/\/consejoderectores.cl\/wp-content\/uploads\/2025\/12\/logoheader_2025.png","width":666,"height":305,"caption":"Consejo de Rectoras y Rectores de las Universidades Chilenas"},"image":{"@id":"https:\/\/consejoderectores.cl\/en\/#\/schema\/logo\/image\/"},"sameAs":["https:\/\/x.com\/CRUCH_cl","https:\/\/www.instagram.com\/consejoderectores\/","https:\/\/www.linkedin.com\/company\/cruch\/","https:\/\/www.youtube.com\/channel\/UCzgIFRCsDlKoFpimiQmEaOA"]},{"@type":"Person","@id":"https:\/\/consejoderectores.cl\/en\/#\/schema\/person\/d863e44afde067fd4b57fac66ced709e","name":"Council of Rectors of Chilean Universities","image":{"@type":"ImageObject","inLanguage":"en-US","@id":"https:\/\/consejoderectores.cl\/en\/#\/schema\/person\/image\/","url":"https:\/\/secure.gravatar.com\/avatar\/c31e2a02401f041926afb8ee21ab666f0925814fe85d25a5c8db80e23722dfc1?s=96&d=mm&r=g","contentUrl":"https:\/\/secure.gravatar.com\/avatar\/c31e2a02401f041926afb8ee21ab666f0925814fe85d25a5c8db80e23722dfc1?s=96&d=mm&r=g","caption":"Consejo de Rectores de las Universidades Chilenas"},"sameAs":["https:\/\/www.consejoderectores.cl"],"url":"https:\/\/consejoderectores.cl\/en\/author\/cruch\/"}]}},"_links":{"self":[{"href":"https:\/\/consejoderectores.cl\/en\/wp-json\/wp\/v2\/posts\/1115","targetHints":{"allow":["GET"]}}],"collection":[{"href":"https:\/\/consejoderectores.cl\/en\/wp-json\/wp\/v2\/posts"}],"about":[{"href":"https:\/\/consejoderectores.cl\/en\/wp-json\/wp\/v2\/types\/post"}],"author":[{"embeddable":true,"href":"https:\/\/consejoderectores.cl\/en\/wp-json\/wp\/v2\/users\/1"}],"replies":[{"embeddable":true,"href":"https:\/\/consejoderectores.cl\/en\/wp-json\/wp\/v2\/comments?post=1115"}],"version-history":[{"count":2,"href":"https:\/\/consejoderectores.cl\/en\/wp-json\/wp\/v2\/posts\/1115\/revisions"}],"predecessor-version":[{"id":6028,"href":"https:\/\/consejoderectores.cl\/en\/wp-json\/wp\/v2\/posts\/1115\/revisions\/6028"}],"wp:featuredmedia":[{"embeddable":true,"href":"https:\/\/consejoderectores.cl\/en\/wp-json\/wp\/v2\/media\/3592"}],"wp:attachment":[{"href":"https:\/\/consejoderectores.cl\/en\/wp-json\/wp\/v2\/media?parent=1115"}],"wp:term":[{"taxonomy":"category","embeddable":true,"href":"https:\/\/consejoderectores.cl\/en\/wp-json\/wp\/v2\/categories?post=1115"},{"taxonomy":"post_tag","embeddable":true,"href":"https:\/\/consejoderectores.cl\/en\/wp-json\/wp\/v2\/tags?post=1115"}],"curies":[{"name":"wp","href":"https:\/\/api.w.org\/{rel}","templated":true}]}}