{"id":1103,"date":"2011-06-02T00:00:00","date_gmt":"2011-06-02T00:00:00","guid":{"rendered":""},"modified":"2022-01-28T00:49:56","modified_gmt":"2022-01-28T00:49:56","slug":"603c6d806dc7e","status":"publish","type":"post","link":"https:\/\/consejoderectores.cl\/en\/2011\/06\/02\/603c6d806dc7e\/","title":{"rendered":"Eight universities joined the admissions system via PSU"},"content":{"rendered":"<blockquote><p>Universidad Mayor and Universidad Andr\u00e9s Bello confirmed their participation today, joining six other institutions that had previously confirmed their involvement in this process.<\/p><\/blockquote>\n<p>During this day, Universidad Mayor and Universidad Andr\u00e9s Bello confirmed that they will join the admission system via University Selection Tests (PSU), used by the traditional study centers of the Council of Rectors of Chilean Universities (CRUCH).<\/p>\n<div>These two institutions join the six that confirmed their membership yesterday, Tuesday: Alberto Hurtado University, Diego Portales University, Adolfo Ib\u00e1\u00f1ez University, University of Los Andes, University of Development, and Finis Terrae University.<\/div>\n<div><\/div>\n<div>This Monday, representatives from these eight schools will meet with technical specialists from the Department of Educational Evaluation, Measurement and Registration (DEMRE) of the University of Chile, to learn in depth and implement the technical procedures of the 2012 Admission Process.<\/div>","protected":false},"excerpt":{"rendered":"<p>La Universidad Mayor y la Universidad Andr\u00e9s Bello confirmaron hoy su adhesi\u00f3n, sum\u00e1ndose a otros seis planteles que hab\u00edan confirmado previamente su participaci\u00f3n en este proceso. Durante esta jornada la Universidad Mayor y la Universidad Andr\u00e9s Bello confirmaron que se sumar\u00e1n al sistema de admisi\u00f3n v\u00eda Pruebas de Selecci\u00f3n Universitaria (PSU), empleado por las casas [&hellip;]<\/p>\n","protected":false},"author":1,"featured_media":3592,"comment_status":"open","ping_status":"open","sticky":false,"template":"","format":"standard","meta":{"_acf_changed":false,"footnotes":""},"categories":[3],"tags":[],"class_list":["post-1103","post","type-post","status-publish","format-standard","has-post-thumbnail","hentry","category-noticias"],"acf":[],"yoast_head":"<!-- This site is optimized with the Yoast SEO plugin v27.1.1 - https:\/\/yoast.com\/product\/yoast-seo-wordpress\/ -->\n<title>Ocho universidades se sumaron a sistema de admisi\u00f3n v\u00eda PSU - Consejo de Rectoras y Rectores de las Universidades Chilenas<\/title>\n<meta name=\"robots\" content=\"index, follow, max-snippet:-1, max-image-preview:large, max-video-preview:-1\" \/>\n<link rel=\"canonical\" href=\"https:\/\/consejoderectores.cl\/en\/2011\/06\/02\/603c6d806dc7e\/\" \/>\n<meta property=\"og:locale\" content=\"en_US\" \/>\n<meta property=\"og:type\" content=\"article\" \/>\n<meta property=\"og:title\" content=\"Ocho universidades se sumaron a sistema de admisi\u00f3n v\u00eda PSU - Consejo de Rectoras y Rectores de las Universidades Chilenas\" \/>\n<meta property=\"og:description\" content=\"La Universidad Mayor y la Universidad Andr\u00e9s Bello confirmaron hoy su adhesi\u00f3n, sum\u00e1ndose a otros seis planteles que hab\u00edan confirmado previamente su participaci\u00f3n en este proceso. Durante esta jornada la Universidad Mayor y la Universidad Andr\u00e9s Bello confirmaron que se sumar\u00e1n al sistema de admisi\u00f3n v\u00eda Pruebas de Selecci\u00f3n Universitaria (PSU), empleado por las casas [&hellip;]\" \/>\n<meta property=\"og:url\" content=\"https:\/\/consejoderectores.cl\/en\/2011\/06\/02\/603c6d806dc7e\/\" \/>\n<meta property=\"og:site_name\" content=\"Consejo de Rectoras y Rectores de las Universidades Chilenas\" \/>\n<meta property=\"article:published_time\" content=\"2011-06-02T00:00:00+00:00\" \/>\n<meta property=\"article:modified_time\" content=\"2022-01-28T00:49:56+00:00\" \/>\n<meta property=\"og:image\" content=\"https:\/\/consejoderectores.cl\/wp-content\/uploads\/2021\/10\/declaraciones-publicas.jpg\" \/>\n\t<meta property=\"og:image:width\" content=\"1024\" \/>\n\t<meta property=\"og:image:height\" content=\"500\" \/>\n\t<meta property=\"og:image:type\" content=\"image\/jpeg\" \/>\n<meta name=\"author\" content=\"Consejo de Rectores de las Universidades Chilenas\" \/>\n<meta name=\"twitter:card\" content=\"summary_large_image\" \/>\n<meta name=\"twitter:creator\" content=\"@CRUCH_cl\" \/>\n<meta name=\"twitter:site\" content=\"@CRUCH_cl\" \/>\n<meta name=\"twitter:label1\" content=\"Written by\" \/>\n\t<meta name=\"twitter:data1\" content=\"Consejo de Rectores de las Universidades Chilenas\" \/>\n\t<meta name=\"twitter:label2\" content=\"Est. reading time\" \/>\n\t<meta name=\"twitter:data2\" content=\"1 minute\" \/>\n<script type=\"application\/ld+json\" class=\"yoast-schema-graph\">{\"@context\":\"https:\/\/schema.org\",\"@graph\":[{\"@type\":\"Article\",\"@id\":\"https:\/\/consejoderectores.cl\/2011\/06\/02\/603c6d806dc7e\/#article\",\"isPartOf\":{\"@id\":\"https:\/\/consejoderectores.cl\/2011\/06\/02\/603c6d806dc7e\/\"},\"author\":{\"name\":\"Consejo de Rectores de las Universidades Chilenas\",\"@id\":\"https:\/\/consejoderectores.cl\/en\/#\/schema\/person\/d863e44afde067fd4b57fac66ced709e\"},\"headline\":\"Ocho universidades se sumaron a sistema de admisi\u00f3n v\u00eda PSU\",\"datePublished\":\"2011-06-02T00:00:00+00:00\",\"dateModified\":\"2022-01-28T00:49:56+00:00\",\"mainEntityOfPage\":{\"@id\":\"https:\/\/consejoderectores.cl\/2011\/06\/02\/603c6d806dc7e\/\"},\"wordCount\":178,\"commentCount\":0,\"publisher\":{\"@id\":\"https:\/\/consejoderectores.cl\/en\/#organization\"},\"image\":{\"@id\":\"https:\/\/consejoderectores.cl\/2011\/06\/02\/603c6d806dc7e\/#primaryimage\"},\"thumbnailUrl\":\"https:\/\/consejoderectores.cl\/wp-content\/uploads\/2021\/10\/declaraciones-publicas.jpg\",\"articleSection\":[\"Noticias\"],\"inLanguage\":\"en-US\",\"potentialAction\":[{\"@type\":\"CommentAction\",\"name\":\"Comment\",\"target\":[\"https:\/\/consejoderectores.cl\/2011\/06\/02\/603c6d806dc7e\/#respond\"]}]},{\"@type\":\"WebPage\",\"@id\":\"https:\/\/consejoderectores.cl\/2011\/06\/02\/603c6d806dc7e\/\",\"url\":\"https:\/\/consejoderectores.cl\/2011\/06\/02\/603c6d806dc7e\/\",\"name\":\"Ocho universidades se sumaron a sistema de admisi\u00f3n v\u00eda PSU - Consejo de Rectoras y Rectores de las Universidades Chilenas\",\"isPartOf\":{\"@id\":\"https:\/\/consejoderectores.cl\/en\/#website\"},\"primaryImageOfPage\":{\"@id\":\"https:\/\/consejoderectores.cl\/2011\/06\/02\/603c6d806dc7e\/#primaryimage\"},\"image\":{\"@id\":\"https:\/\/consejoderectores.cl\/2011\/06\/02\/603c6d806dc7e\/#primaryimage\"},\"thumbnailUrl\":\"https:\/\/consejoderectores.cl\/wp-content\/uploads\/2021\/10\/declaraciones-publicas.jpg\",\"datePublished\":\"2011-06-02T00:00:00+00:00\",\"dateModified\":\"2022-01-28T00:49:56+00:00\",\"breadcrumb\":{\"@id\":\"https:\/\/consejoderectores.cl\/2011\/06\/02\/603c6d806dc7e\/#breadcrumb\"},\"inLanguage\":\"en-US\",\"potentialAction\":[{\"@type\":\"ReadAction\",\"target\":[\"https:\/\/consejoderectores.cl\/2011\/06\/02\/603c6d806dc7e\/\"]}]},{\"@type\":\"ImageObject\",\"inLanguage\":\"en-US\",\"@id\":\"https:\/\/consejoderectores.cl\/2011\/06\/02\/603c6d806dc7e\/#primaryimage\",\"url\":\"https:\/\/consejoderectores.cl\/wp-content\/uploads\/2021\/10\/declaraciones-publicas.jpg\",\"contentUrl\":\"https:\/\/consejoderectores.cl\/wp-content\/uploads\/2021\/10\/declaraciones-publicas.jpg\",\"width\":1024,\"height\":500},{\"@type\":\"BreadcrumbList\",\"@id\":\"https:\/\/consejoderectores.cl\/2011\/06\/02\/603c6d806dc7e\/#breadcrumb\",\"itemListElement\":[{\"@type\":\"ListItem\",\"position\":1,\"name\":\"Home\",\"item\":\"https:\/\/consejoderectores.cl\/\"},{\"@type\":\"ListItem\",\"position\":2,\"name\":\"Ocho universidades se sumaron a sistema de admisi\u00f3n v\u00eda PSU\"}]},{\"@type\":\"WebSite\",\"@id\":\"https:\/\/consejoderectores.cl\/en\/#website\",\"url\":\"https:\/\/consejoderectores.cl\/en\/\",\"name\":\"Consejo de Rectoras y Rectores de las Universidades Chilenas\",\"description\":\"\",\"publisher\":{\"@id\":\"https:\/\/consejoderectores.cl\/en\/#organization\"},\"potentialAction\":[{\"@type\":\"SearchAction\",\"target\":{\"@type\":\"EntryPoint\",\"urlTemplate\":\"https:\/\/consejoderectores.cl\/en\/?s={search_term_string}\"},\"query-input\":{\"@type\":\"PropertyValueSpecification\",\"valueRequired\":true,\"valueName\":\"search_term_string\"}}],\"inLanguage\":\"en-US\"},{\"@type\":\"Organization\",\"@id\":\"https:\/\/consejoderectores.cl\/en\/#organization\",\"name\":\"Consejo de Rectoras y Rectores de las Universidades Chilenas\",\"url\":\"https:\/\/consejoderectores.cl\/en\/\",\"logo\":{\"@type\":\"ImageObject\",\"inLanguage\":\"en-US\",\"@id\":\"https:\/\/consejoderectores.cl\/en\/#\/schema\/logo\/image\/\",\"url\":\"https:\/\/consejoderectores.cl\/wp-content\/uploads\/2025\/12\/logoheader_2025.png\",\"contentUrl\":\"https:\/\/consejoderectores.cl\/wp-content\/uploads\/2025\/12\/logoheader_2025.png\",\"width\":666,\"height\":305,\"caption\":\"Consejo de Rectoras y Rectores de las Universidades Chilenas\"},\"image\":{\"@id\":\"https:\/\/consejoderectores.cl\/en\/#\/schema\/logo\/image\/\"},\"sameAs\":[\"https:\/\/x.com\/CRUCH_cl\",\"https:\/\/www.instagram.com\/consejoderectores\/\",\"https:\/\/www.linkedin.com\/company\/cruch\/\",\"https:\/\/www.youtube.com\/channel\/UCzgIFRCsDlKoFpimiQmEaOA\"]},{\"@type\":\"Person\",\"@id\":\"https:\/\/consejoderectores.cl\/en\/#\/schema\/person\/d863e44afde067fd4b57fac66ced709e\",\"name\":\"Consejo de Rectores de las Universidades Chilenas\",\"image\":{\"@type\":\"ImageObject\",\"inLanguage\":\"en-US\",\"@id\":\"https:\/\/consejoderectores.cl\/en\/#\/schema\/person\/image\/\",\"url\":\"https:\/\/secure.gravatar.com\/avatar\/c31e2a02401f041926afb8ee21ab666f0925814fe85d25a5c8db80e23722dfc1?s=96&d=mm&r=g\",\"contentUrl\":\"https:\/\/secure.gravatar.com\/avatar\/c31e2a02401f041926afb8ee21ab666f0925814fe85d25a5c8db80e23722dfc1?s=96&d=mm&r=g\",\"caption\":\"Consejo de Rectores de las Universidades Chilenas\"},\"sameAs\":[\"https:\/\/www.consejoderectores.cl\"],\"url\":\"https:\/\/consejoderectores.cl\/en\/author\/cruch\/\"}]}<\/script>\n<!-- \/ Yoast SEO plugin. -->","yoast_head_json":{"title":"Ocho universidades se sumaron a sistema de admisi\u00f3n v\u00eda PSU - Consejo de Rectoras y Rectores de las Universidades Chilenas","robots":{"index":"index","follow":"follow","max-snippet":"max-snippet:-1","max-image-preview":"max-image-preview:large","max-video-preview":"max-video-preview:-1"},"canonical":"https:\/\/consejoderectores.cl\/en\/2011\/06\/02\/603c6d806dc7e\/","og_locale":"en_US","og_type":"article","og_title":"Ocho universidades se sumaron a sistema de admisi\u00f3n v\u00eda PSU - Consejo de Rectoras y Rectores de las Universidades Chilenas","og_description":"La Universidad Mayor y la Universidad Andr\u00e9s Bello confirmaron hoy su adhesi\u00f3n, sum\u00e1ndose a otros seis planteles que hab\u00edan confirmado previamente su participaci\u00f3n en este proceso. Durante esta jornada la Universidad Mayor y la Universidad Andr\u00e9s Bello confirmaron que se sumar\u00e1n al sistema de admisi\u00f3n v\u00eda Pruebas de Selecci\u00f3n Universitaria (PSU), empleado por las casas [&hellip;]","og_url":"https:\/\/consejoderectores.cl\/en\/2011\/06\/02\/603c6d806dc7e\/","og_site_name":"Consejo de Rectoras y Rectores de las Universidades Chilenas","article_published_time":"2011-06-02T00:00:00+00:00","article_modified_time":"2022-01-28T00:49:56+00:00","og_image":[{"width":1024,"height":500,"url":"https:\/\/consejoderectores.cl\/wp-content\/uploads\/2021\/10\/declaraciones-publicas.jpg","type":"image\/jpeg"}],"author":"Consejo de Rectores de las Universidades Chilenas","twitter_card":"summary_large_image","twitter_creator":"@CRUCH_cl","twitter_site":"@CRUCH_cl","twitter_misc":{"Written by":"Consejo de Rectores de las Universidades Chilenas","Est. reading time":"1 minute"},"schema":{"@context":"https:\/\/schema.org","@graph":[{"@type":"Article","@id":"https:\/\/consejoderectores.cl\/2011\/06\/02\/603c6d806dc7e\/#article","isPartOf":{"@id":"https:\/\/consejoderectores.cl\/2011\/06\/02\/603c6d806dc7e\/"},"author":{"name":"Consejo de Rectores de las Universidades Chilenas","@id":"https:\/\/consejoderectores.cl\/en\/#\/schema\/person\/d863e44afde067fd4b57fac66ced709e"},"headline":"Ocho universidades se sumaron a sistema de admisi\u00f3n v\u00eda PSU","datePublished":"2011-06-02T00:00:00+00:00","dateModified":"2022-01-28T00:49:56+00:00","mainEntityOfPage":{"@id":"https:\/\/consejoderectores.cl\/2011\/06\/02\/603c6d806dc7e\/"},"wordCount":178,"commentCount":0,"publisher":{"@id":"https:\/\/consejoderectores.cl\/en\/#organization"},"image":{"@id":"https:\/\/consejoderectores.cl\/2011\/06\/02\/603c6d806dc7e\/#primaryimage"},"thumbnailUrl":"https:\/\/consejoderectores.cl\/wp-content\/uploads\/2021\/10\/declaraciones-publicas.jpg","articleSection":["Noticias"],"inLanguage":"en-US","potentialAction":[{"@type":"CommentAction","name":"Comment","target":["https:\/\/consejoderectores.cl\/2011\/06\/02\/603c6d806dc7e\/#respond"]}]},{"@type":"WebPage","@id":"https:\/\/consejoderectores.cl\/2011\/06\/02\/603c6d806dc7e\/","url":"https:\/\/consejoderectores.cl\/2011\/06\/02\/603c6d806dc7e\/","name":"Ocho universidades se sumaron a sistema de admisi\u00f3n v\u00eda PSU - Consejo de Rectoras y Rectores de las Universidades Chilenas","isPartOf":{"@id":"https:\/\/consejoderectores.cl\/en\/#website"},"primaryImageOfPage":{"@id":"https:\/\/consejoderectores.cl\/2011\/06\/02\/603c6d806dc7e\/#primaryimage"},"image":{"@id":"https:\/\/consejoderectores.cl\/2011\/06\/02\/603c6d806dc7e\/#primaryimage"},"thumbnailUrl":"https:\/\/consejoderectores.cl\/wp-content\/uploads\/2021\/10\/declaraciones-publicas.jpg","datePublished":"2011-06-02T00:00:00+00:00","dateModified":"2022-01-28T00:49:56+00:00","breadcrumb":{"@id":"https:\/\/consejoderectores.cl\/2011\/06\/02\/603c6d806dc7e\/#breadcrumb"},"inLanguage":"en-US","potentialAction":[{"@type":"ReadAction","target":["https:\/\/consejoderectores.cl\/2011\/06\/02\/603c6d806dc7e\/"]}]},{"@type":"ImageObject","inLanguage":"en-US","@id":"https:\/\/consejoderectores.cl\/2011\/06\/02\/603c6d806dc7e\/#primaryimage","url":"https:\/\/consejoderectores.cl\/wp-content\/uploads\/2021\/10\/declaraciones-publicas.jpg","contentUrl":"https:\/\/consejoderectores.cl\/wp-content\/uploads\/2021\/10\/declaraciones-publicas.jpg","width":1024,"height":500},{"@type":"BreadcrumbList","@id":"https:\/\/consejoderectores.cl\/2011\/06\/02\/603c6d806dc7e\/#breadcrumb","itemListElement":[{"@type":"ListItem","position":1,"name":"Home","item":"https:\/\/consejoderectores.cl\/"},{"@type":"ListItem","position":2,"name":"Ocho universidades se sumaron a sistema de admisi\u00f3n v\u00eda PSU"}]},{"@type":"WebSite","@id":"https:\/\/consejoderectores.cl\/en\/#website","url":"https:\/\/consejoderectores.cl\/en\/","name":"Council of Rectors of Chilean Universities","description":"","publisher":{"@id":"https:\/\/consejoderectores.cl\/en\/#organization"},"potentialAction":[{"@type":"SearchAction","target":{"@type":"EntryPoint","urlTemplate":"https:\/\/consejoderectores.cl\/en\/?s={search_term_string}"},"query-input":{"@type":"PropertyValueSpecification","valueRequired":true,"valueName":"search_term_string"}}],"inLanguage":"en-US"},{"@type":"Organization","@id":"https:\/\/consejoderectores.cl\/en\/#organization","name":"Council of Rectors of Chilean Universities","url":"https:\/\/consejoderectores.cl\/en\/","logo":{"@type":"ImageObject","inLanguage":"en-US","@id":"https:\/\/consejoderectores.cl\/en\/#\/schema\/logo\/image\/","url":"https:\/\/consejoderectores.cl\/wp-content\/uploads\/2025\/12\/logoheader_2025.png","contentUrl":"https:\/\/consejoderectores.cl\/wp-content\/uploads\/2025\/12\/logoheader_2025.png","width":666,"height":305,"caption":"Consejo de Rectoras y Rectores de las Universidades Chilenas"},"image":{"@id":"https:\/\/consejoderectores.cl\/en\/#\/schema\/logo\/image\/"},"sameAs":["https:\/\/x.com\/CRUCH_cl","https:\/\/www.instagram.com\/consejoderectores\/","https:\/\/www.linkedin.com\/company\/cruch\/","https:\/\/www.youtube.com\/channel\/UCzgIFRCsDlKoFpimiQmEaOA"]},{"@type":"Person","@id":"https:\/\/consejoderectores.cl\/en\/#\/schema\/person\/d863e44afde067fd4b57fac66ced709e","name":"Council of Rectors of Chilean Universities","image":{"@type":"ImageObject","inLanguage":"en-US","@id":"https:\/\/consejoderectores.cl\/en\/#\/schema\/person\/image\/","url":"https:\/\/secure.gravatar.com\/avatar\/c31e2a02401f041926afb8ee21ab666f0925814fe85d25a5c8db80e23722dfc1?s=96&d=mm&r=g","contentUrl":"https:\/\/secure.gravatar.com\/avatar\/c31e2a02401f041926afb8ee21ab666f0925814fe85d25a5c8db80e23722dfc1?s=96&d=mm&r=g","caption":"Consejo de Rectores de las Universidades Chilenas"},"sameAs":["https:\/\/www.consejoderectores.cl"],"url":"https:\/\/consejoderectores.cl\/en\/author\/cruch\/"}]}},"_links":{"self":[{"href":"https:\/\/consejoderectores.cl\/en\/wp-json\/wp\/v2\/posts\/1103","targetHints":{"allow":["GET"]}}],"collection":[{"href":"https:\/\/consejoderectores.cl\/en\/wp-json\/wp\/v2\/posts"}],"about":[{"href":"https:\/\/consejoderectores.cl\/en\/wp-json\/wp\/v2\/types\/post"}],"author":[{"embeddable":true,"href":"https:\/\/consejoderectores.cl\/en\/wp-json\/wp\/v2\/users\/1"}],"replies":[{"embeddable":true,"href":"https:\/\/consejoderectores.cl\/en\/wp-json\/wp\/v2\/comments?post=1103"}],"version-history":[{"count":4,"href":"https:\/\/consejoderectores.cl\/en\/wp-json\/wp\/v2\/posts\/1103\/revisions"}],"predecessor-version":[{"id":6054,"href":"https:\/\/consejoderectores.cl\/en\/wp-json\/wp\/v2\/posts\/1103\/revisions\/6054"}],"wp:featuredmedia":[{"embeddable":true,"href":"https:\/\/consejoderectores.cl\/en\/wp-json\/wp\/v2\/media\/3592"}],"wp:attachment":[{"href":"https:\/\/consejoderectores.cl\/en\/wp-json\/wp\/v2\/media?parent=1103"}],"wp:term":[{"taxonomy":"category","embeddable":true,"href":"https:\/\/consejoderectores.cl\/en\/wp-json\/wp\/v2\/categories?post=1103"},{"taxonomy":"post_tag","embeddable":true,"href":"https:\/\/consejoderectores.cl\/en\/wp-json\/wp\/v2\/tags?post=1103"}],"curies":[{"name":"wp","href":"https:\/\/api.w.org\/{rel}","templated":true}]}}