{"id":1101,"date":"2011-05-04T00:00:00","date_gmt":"2011-05-04T00:00:00","guid":{"rendered":""},"modified":"2022-01-28T01:01:11","modified_gmt":"2022-01-28T01:01:11","slug":"603c6d806db21","status":"publish","type":"post","link":"https:\/\/consejoderectores.cl\/en\/2011\/05\/04\/603c6d806db21\/","title":{"rendered":"Council of Rectors establishes alliance with Australian universities"},"content":{"rendered":"<blockquote><p>Between January and March 2011, the number of new Chilean students entering the Australian education system increased by 151% compared to the same period the previous year.<\/p><\/blockquote>\n<p>The Council of Rectors of Chilean Universities (CRUCH) signed a Memorandum of Understanding this morning with the alliance of the main Australian universities, the Group of Eight.<\/p>\n<div>Through this Memorandum, the Chilean universities belonging to CRUCH and the eight most important universities in Australia agreed to establish a cooperation alliance on issues such as research projects, technology transfer, mobility of undergraduate and postgraduate students and commercialization of research.<\/div>\n<div><\/div>\n<div>\u201cOur country and our universities are at a particularly opportune moment to promote debate and academic cooperation at the international level,\u201d highlighted Rector V\u00edctor P\u00e9rez, Executive Vice President of the Council.<\/div>\n<div><\/div>\n<div>The rector also acknowledged that a growing number of postgraduate students from Chile have traveled to specialize at Australian universities in areas such as mining, technology, agriculture and education, so this memorandum serves to strengthen an existing relationship.<\/div>\n<div><\/div>\n<div>According to figures from the Australian Embassy, in 2010 approximately 1,700 Chilean students enrolled in study programs in Australia, most of them pursuing English language courses and undergraduate and postgraduate university studies. It is worth noting that between January and March 2011, the number of new Chilean students entering the Australian education system increased by 15% compared to the same period the previous year.<\/div>\n<div><\/div>\n<div>Similarly, Rector P\u00e9rez emphasized that the signing of this memorandum opens new opportunities for Chilean universities, \u201cwe are convinced that through this alliance we will be able to provide greater opportunities for our students, and enrich scientific research.\u201d<\/div>","protected":false},"excerpt":{"rendered":"<p>Entre enero y marzo del 2011, la cantidad de nuevos estudiantes chilenos ingresados al sistema educativo australiano aument\u00f3 en un 15% comparado con el mismo periodo el a\u00f1o anterior. El Consejo de Rectores de las Universidades Chilenas (CRUCH) firm\u00f3 hoy por la ma\u00f1ana un Memor\u00e1ndum de Entendimiento con la alianza de las principales universidades australianas, [&hellip;]<\/p>\n","protected":false},"author":1,"featured_media":3592,"comment_status":"open","ping_status":"open","sticky":false,"template":"","format":"standard","meta":{"_acf_changed":false,"footnotes":""},"categories":[3],"tags":[],"class_list":["post-1101","post","type-post","status-publish","format-standard","has-post-thumbnail","hentry","category-noticias"],"acf":[],"yoast_head":"<!-- This site is optimized with the Yoast SEO plugin v27.1.1 - https:\/\/yoast.com\/product\/yoast-seo-wordpress\/ -->\n<title>Consejo de Rectores concreta alianza con universidades australianas - Consejo de Rectoras y Rectores de las Universidades Chilenas<\/title>\n<meta name=\"robots\" content=\"index, follow, max-snippet:-1, max-image-preview:large, max-video-preview:-1\" \/>\n<link rel=\"canonical\" href=\"https:\/\/consejoderectores.cl\/en\/2011\/05\/04\/603c6d806db21\/\" \/>\n<meta property=\"og:locale\" content=\"en_US\" \/>\n<meta property=\"og:type\" content=\"article\" \/>\n<meta property=\"og:title\" content=\"Consejo de Rectores concreta alianza con universidades australianas - Consejo de Rectoras y Rectores de las Universidades Chilenas\" \/>\n<meta property=\"og:description\" content=\"Entre enero y marzo del 2011, la cantidad de nuevos estudiantes chilenos ingresados al sistema educativo australiano aument\u00f3 en un 15% comparado con el mismo periodo el a\u00f1o anterior. El Consejo de Rectores de las Universidades Chilenas (CRUCH) firm\u00f3 hoy por la ma\u00f1ana un Memor\u00e1ndum de Entendimiento con la alianza de las principales universidades australianas, [&hellip;]\" \/>\n<meta property=\"og:url\" content=\"https:\/\/consejoderectores.cl\/en\/2011\/05\/04\/603c6d806db21\/\" \/>\n<meta property=\"og:site_name\" content=\"Consejo de Rectoras y Rectores de las Universidades Chilenas\" \/>\n<meta property=\"article:published_time\" content=\"2011-05-04T00:00:00+00:00\" \/>\n<meta property=\"article:modified_time\" content=\"2022-01-28T01:01:11+00:00\" \/>\n<meta property=\"og:image\" content=\"https:\/\/consejoderectores.cl\/wp-content\/uploads\/2021\/10\/declaraciones-publicas.jpg\" \/>\n\t<meta property=\"og:image:width\" content=\"1024\" \/>\n\t<meta property=\"og:image:height\" content=\"500\" \/>\n\t<meta property=\"og:image:type\" content=\"image\/jpeg\" \/>\n<meta name=\"author\" content=\"Consejo de Rectores de las Universidades Chilenas\" \/>\n<meta name=\"twitter:card\" content=\"summary_large_image\" \/>\n<meta name=\"twitter:creator\" content=\"@CRUCH_cl\" \/>\n<meta name=\"twitter:site\" content=\"@CRUCH_cl\" \/>\n<meta name=\"twitter:label1\" content=\"Written by\" \/>\n\t<meta name=\"twitter:data1\" content=\"Consejo de Rectores de las Universidades Chilenas\" \/>\n\t<meta name=\"twitter:label2\" content=\"Est. reading time\" \/>\n\t<meta name=\"twitter:data2\" content=\"2 minutes\" \/>\n<script type=\"application\/ld+json\" class=\"yoast-schema-graph\">{\"@context\":\"https:\/\/schema.org\",\"@graph\":[{\"@type\":\"Article\",\"@id\":\"https:\/\/consejoderectores.cl\/2011\/05\/04\/603c6d806db21\/#article\",\"isPartOf\":{\"@id\":\"https:\/\/consejoderectores.cl\/2011\/05\/04\/603c6d806db21\/\"},\"author\":{\"name\":\"Consejo de Rectores de las Universidades Chilenas\",\"@id\":\"https:\/\/consejoderectores.cl\/en\/#\/schema\/person\/d863e44afde067fd4b57fac66ced709e\"},\"headline\":\"Consejo de Rectores concreta alianza con universidades australianas\",\"datePublished\":\"2011-05-04T00:00:00+00:00\",\"dateModified\":\"2022-01-28T01:01:11+00:00\",\"mainEntityOfPage\":{\"@id\":\"https:\/\/consejoderectores.cl\/2011\/05\/04\/603c6d806db21\/\"},\"wordCount\":325,\"commentCount\":0,\"publisher\":{\"@id\":\"https:\/\/consejoderectores.cl\/en\/#organization\"},\"image\":{\"@id\":\"https:\/\/consejoderectores.cl\/2011\/05\/04\/603c6d806db21\/#primaryimage\"},\"thumbnailUrl\":\"https:\/\/consejoderectores.cl\/wp-content\/uploads\/2021\/10\/declaraciones-publicas.jpg\",\"articleSection\":[\"Noticias\"],\"inLanguage\":\"en-US\",\"potentialAction\":[{\"@type\":\"CommentAction\",\"name\":\"Comment\",\"target\":[\"https:\/\/consejoderectores.cl\/2011\/05\/04\/603c6d806db21\/#respond\"]}]},{\"@type\":\"WebPage\",\"@id\":\"https:\/\/consejoderectores.cl\/2011\/05\/04\/603c6d806db21\/\",\"url\":\"https:\/\/consejoderectores.cl\/2011\/05\/04\/603c6d806db21\/\",\"name\":\"Consejo de Rectores concreta alianza con universidades australianas - Consejo de Rectoras y Rectores de las Universidades Chilenas\",\"isPartOf\":{\"@id\":\"https:\/\/consejoderectores.cl\/en\/#website\"},\"primaryImageOfPage\":{\"@id\":\"https:\/\/consejoderectores.cl\/2011\/05\/04\/603c6d806db21\/#primaryimage\"},\"image\":{\"@id\":\"https:\/\/consejoderectores.cl\/2011\/05\/04\/603c6d806db21\/#primaryimage\"},\"thumbnailUrl\":\"https:\/\/consejoderectores.cl\/wp-content\/uploads\/2021\/10\/declaraciones-publicas.jpg\",\"datePublished\":\"2011-05-04T00:00:00+00:00\",\"dateModified\":\"2022-01-28T01:01:11+00:00\",\"breadcrumb\":{\"@id\":\"https:\/\/consejoderectores.cl\/2011\/05\/04\/603c6d806db21\/#breadcrumb\"},\"inLanguage\":\"en-US\",\"potentialAction\":[{\"@type\":\"ReadAction\",\"target\":[\"https:\/\/consejoderectores.cl\/2011\/05\/04\/603c6d806db21\/\"]}]},{\"@type\":\"ImageObject\",\"inLanguage\":\"en-US\",\"@id\":\"https:\/\/consejoderectores.cl\/2011\/05\/04\/603c6d806db21\/#primaryimage\",\"url\":\"https:\/\/consejoderectores.cl\/wp-content\/uploads\/2021\/10\/declaraciones-publicas.jpg\",\"contentUrl\":\"https:\/\/consejoderectores.cl\/wp-content\/uploads\/2021\/10\/declaraciones-publicas.jpg\",\"width\":1024,\"height\":500},{\"@type\":\"BreadcrumbList\",\"@id\":\"https:\/\/consejoderectores.cl\/2011\/05\/04\/603c6d806db21\/#breadcrumb\",\"itemListElement\":[{\"@type\":\"ListItem\",\"position\":1,\"name\":\"Home\",\"item\":\"https:\/\/consejoderectores.cl\/\"},{\"@type\":\"ListItem\",\"position\":2,\"name\":\"Consejo de Rectores concreta alianza con universidades australianas\"}]},{\"@type\":\"WebSite\",\"@id\":\"https:\/\/consejoderectores.cl\/en\/#website\",\"url\":\"https:\/\/consejoderectores.cl\/en\/\",\"name\":\"Consejo de Rectoras y Rectores de las Universidades Chilenas\",\"description\":\"\",\"publisher\":{\"@id\":\"https:\/\/consejoderectores.cl\/en\/#organization\"},\"potentialAction\":[{\"@type\":\"SearchAction\",\"target\":{\"@type\":\"EntryPoint\",\"urlTemplate\":\"https:\/\/consejoderectores.cl\/en\/?s={search_term_string}\"},\"query-input\":{\"@type\":\"PropertyValueSpecification\",\"valueRequired\":true,\"valueName\":\"search_term_string\"}}],\"inLanguage\":\"en-US\"},{\"@type\":\"Organization\",\"@id\":\"https:\/\/consejoderectores.cl\/en\/#organization\",\"name\":\"Consejo de Rectoras y Rectores de las Universidades Chilenas\",\"url\":\"https:\/\/consejoderectores.cl\/en\/\",\"logo\":{\"@type\":\"ImageObject\",\"inLanguage\":\"en-US\",\"@id\":\"https:\/\/consejoderectores.cl\/en\/#\/schema\/logo\/image\/\",\"url\":\"https:\/\/consejoderectores.cl\/wp-content\/uploads\/2025\/12\/logoheader_2025.png\",\"contentUrl\":\"https:\/\/consejoderectores.cl\/wp-content\/uploads\/2025\/12\/logoheader_2025.png\",\"width\":666,\"height\":305,\"caption\":\"Consejo de Rectoras y Rectores de las Universidades Chilenas\"},\"image\":{\"@id\":\"https:\/\/consejoderectores.cl\/en\/#\/schema\/logo\/image\/\"},\"sameAs\":[\"https:\/\/x.com\/CRUCH_cl\",\"https:\/\/www.instagram.com\/consejoderectores\/\",\"https:\/\/www.linkedin.com\/company\/cruch\/\",\"https:\/\/www.youtube.com\/channel\/UCzgIFRCsDlKoFpimiQmEaOA\"]},{\"@type\":\"Person\",\"@id\":\"https:\/\/consejoderectores.cl\/en\/#\/schema\/person\/d863e44afde067fd4b57fac66ced709e\",\"name\":\"Consejo de Rectores de las Universidades Chilenas\",\"image\":{\"@type\":\"ImageObject\",\"inLanguage\":\"en-US\",\"@id\":\"https:\/\/consejoderectores.cl\/en\/#\/schema\/person\/image\/\",\"url\":\"https:\/\/secure.gravatar.com\/avatar\/c31e2a02401f041926afb8ee21ab666f0925814fe85d25a5c8db80e23722dfc1?s=96&d=mm&r=g\",\"contentUrl\":\"https:\/\/secure.gravatar.com\/avatar\/c31e2a02401f041926afb8ee21ab666f0925814fe85d25a5c8db80e23722dfc1?s=96&d=mm&r=g\",\"caption\":\"Consejo de Rectores de las Universidades Chilenas\"},\"sameAs\":[\"https:\/\/www.consejoderectores.cl\"],\"url\":\"https:\/\/consejoderectores.cl\/en\/author\/cruch\/\"}]}<\/script>\n<!-- \/ Yoast SEO plugin. -->","yoast_head_json":{"title":"Consejo de Rectores concreta alianza con universidades australianas - Consejo de Rectoras y Rectores de las Universidades Chilenas","robots":{"index":"index","follow":"follow","max-snippet":"max-snippet:-1","max-image-preview":"max-image-preview:large","max-video-preview":"max-video-preview:-1"},"canonical":"https:\/\/consejoderectores.cl\/en\/2011\/05\/04\/603c6d806db21\/","og_locale":"en_US","og_type":"article","og_title":"Consejo de Rectores concreta alianza con universidades australianas - Consejo de Rectoras y Rectores de las Universidades Chilenas","og_description":"Entre enero y marzo del 2011, la cantidad de nuevos estudiantes chilenos ingresados al sistema educativo australiano aument\u00f3 en un 15% comparado con el mismo periodo el a\u00f1o anterior. El Consejo de Rectores de las Universidades Chilenas (CRUCH) firm\u00f3 hoy por la ma\u00f1ana un Memor\u00e1ndum de Entendimiento con la alianza de las principales universidades australianas, [&hellip;]","og_url":"https:\/\/consejoderectores.cl\/en\/2011\/05\/04\/603c6d806db21\/","og_site_name":"Consejo de Rectoras y Rectores de las Universidades Chilenas","article_published_time":"2011-05-04T00:00:00+00:00","article_modified_time":"2022-01-28T01:01:11+00:00","og_image":[{"width":1024,"height":500,"url":"https:\/\/consejoderectores.cl\/wp-content\/uploads\/2021\/10\/declaraciones-publicas.jpg","type":"image\/jpeg"}],"author":"Consejo de Rectores de las Universidades Chilenas","twitter_card":"summary_large_image","twitter_creator":"@CRUCH_cl","twitter_site":"@CRUCH_cl","twitter_misc":{"Written by":"Consejo de Rectores de las Universidades Chilenas","Est. reading time":"2 minutes"},"schema":{"@context":"https:\/\/schema.org","@graph":[{"@type":"Article","@id":"https:\/\/consejoderectores.cl\/2011\/05\/04\/603c6d806db21\/#article","isPartOf":{"@id":"https:\/\/consejoderectores.cl\/2011\/05\/04\/603c6d806db21\/"},"author":{"name":"Consejo de Rectores de las Universidades Chilenas","@id":"https:\/\/consejoderectores.cl\/en\/#\/schema\/person\/d863e44afde067fd4b57fac66ced709e"},"headline":"Consejo de Rectores concreta alianza con universidades australianas","datePublished":"2011-05-04T00:00:00+00:00","dateModified":"2022-01-28T01:01:11+00:00","mainEntityOfPage":{"@id":"https:\/\/consejoderectores.cl\/2011\/05\/04\/603c6d806db21\/"},"wordCount":325,"commentCount":0,"publisher":{"@id":"https:\/\/consejoderectores.cl\/en\/#organization"},"image":{"@id":"https:\/\/consejoderectores.cl\/2011\/05\/04\/603c6d806db21\/#primaryimage"},"thumbnailUrl":"https:\/\/consejoderectores.cl\/wp-content\/uploads\/2021\/10\/declaraciones-publicas.jpg","articleSection":["Noticias"],"inLanguage":"en-US","potentialAction":[{"@type":"CommentAction","name":"Comment","target":["https:\/\/consejoderectores.cl\/2011\/05\/04\/603c6d806db21\/#respond"]}]},{"@type":"WebPage","@id":"https:\/\/consejoderectores.cl\/2011\/05\/04\/603c6d806db21\/","url":"https:\/\/consejoderectores.cl\/2011\/05\/04\/603c6d806db21\/","name":"Consejo de Rectores concreta alianza con universidades australianas - Consejo de Rectoras y Rectores de las Universidades Chilenas","isPartOf":{"@id":"https:\/\/consejoderectores.cl\/en\/#website"},"primaryImageOfPage":{"@id":"https:\/\/consejoderectores.cl\/2011\/05\/04\/603c6d806db21\/#primaryimage"},"image":{"@id":"https:\/\/consejoderectores.cl\/2011\/05\/04\/603c6d806db21\/#primaryimage"},"thumbnailUrl":"https:\/\/consejoderectores.cl\/wp-content\/uploads\/2021\/10\/declaraciones-publicas.jpg","datePublished":"2011-05-04T00:00:00+00:00","dateModified":"2022-01-28T01:01:11+00:00","breadcrumb":{"@id":"https:\/\/consejoderectores.cl\/2011\/05\/04\/603c6d806db21\/#breadcrumb"},"inLanguage":"en-US","potentialAction":[{"@type":"ReadAction","target":["https:\/\/consejoderectores.cl\/2011\/05\/04\/603c6d806db21\/"]}]},{"@type":"ImageObject","inLanguage":"en-US","@id":"https:\/\/consejoderectores.cl\/2011\/05\/04\/603c6d806db21\/#primaryimage","url":"https:\/\/consejoderectores.cl\/wp-content\/uploads\/2021\/10\/declaraciones-publicas.jpg","contentUrl":"https:\/\/consejoderectores.cl\/wp-content\/uploads\/2021\/10\/declaraciones-publicas.jpg","width":1024,"height":500},{"@type":"BreadcrumbList","@id":"https:\/\/consejoderectores.cl\/2011\/05\/04\/603c6d806db21\/#breadcrumb","itemListElement":[{"@type":"ListItem","position":1,"name":"Home","item":"https:\/\/consejoderectores.cl\/"},{"@type":"ListItem","position":2,"name":"Consejo de Rectores concreta alianza con universidades australianas"}]},{"@type":"WebSite","@id":"https:\/\/consejoderectores.cl\/en\/#website","url":"https:\/\/consejoderectores.cl\/en\/","name":"Council of Rectors of Chilean Universities","description":"","publisher":{"@id":"https:\/\/consejoderectores.cl\/en\/#organization"},"potentialAction":[{"@type":"SearchAction","target":{"@type":"EntryPoint","urlTemplate":"https:\/\/consejoderectores.cl\/en\/?s={search_term_string}"},"query-input":{"@type":"PropertyValueSpecification","valueRequired":true,"valueName":"search_term_string"}}],"inLanguage":"en-US"},{"@type":"Organization","@id":"https:\/\/consejoderectores.cl\/en\/#organization","name":"Council of Rectors of Chilean Universities","url":"https:\/\/consejoderectores.cl\/en\/","logo":{"@type":"ImageObject","inLanguage":"en-US","@id":"https:\/\/consejoderectores.cl\/en\/#\/schema\/logo\/image\/","url":"https:\/\/consejoderectores.cl\/wp-content\/uploads\/2025\/12\/logoheader_2025.png","contentUrl":"https:\/\/consejoderectores.cl\/wp-content\/uploads\/2025\/12\/logoheader_2025.png","width":666,"height":305,"caption":"Consejo de Rectoras y Rectores de las Universidades Chilenas"},"image":{"@id":"https:\/\/consejoderectores.cl\/en\/#\/schema\/logo\/image\/"},"sameAs":["https:\/\/x.com\/CRUCH_cl","https:\/\/www.instagram.com\/consejoderectores\/","https:\/\/www.linkedin.com\/company\/cruch\/","https:\/\/www.youtube.com\/channel\/UCzgIFRCsDlKoFpimiQmEaOA"]},{"@type":"Person","@id":"https:\/\/consejoderectores.cl\/en\/#\/schema\/person\/d863e44afde067fd4b57fac66ced709e","name":"Council of Rectors of Chilean Universities","image":{"@type":"ImageObject","inLanguage":"en-US","@id":"https:\/\/consejoderectores.cl\/en\/#\/schema\/person\/image\/","url":"https:\/\/secure.gravatar.com\/avatar\/c31e2a02401f041926afb8ee21ab666f0925814fe85d25a5c8db80e23722dfc1?s=96&d=mm&r=g","contentUrl":"https:\/\/secure.gravatar.com\/avatar\/c31e2a02401f041926afb8ee21ab666f0925814fe85d25a5c8db80e23722dfc1?s=96&d=mm&r=g","caption":"Consejo de Rectores de las Universidades Chilenas"},"sameAs":["https:\/\/www.consejoderectores.cl"],"url":"https:\/\/consejoderectores.cl\/en\/author\/cruch\/"}]}},"_links":{"self":[{"href":"https:\/\/consejoderectores.cl\/en\/wp-json\/wp\/v2\/posts\/1101","targetHints":{"allow":["GET"]}}],"collection":[{"href":"https:\/\/consejoderectores.cl\/en\/wp-json\/wp\/v2\/posts"}],"about":[{"href":"https:\/\/consejoderectores.cl\/en\/wp-json\/wp\/v2\/types\/post"}],"author":[{"embeddable":true,"href":"https:\/\/consejoderectores.cl\/en\/wp-json\/wp\/v2\/users\/1"}],"replies":[{"embeddable":true,"href":"https:\/\/consejoderectores.cl\/en\/wp-json\/wp\/v2\/comments?post=1101"}],"version-history":[{"count":2,"href":"https:\/\/consejoderectores.cl\/en\/wp-json\/wp\/v2\/posts\/1101\/revisions"}],"predecessor-version":[{"id":6059,"href":"https:\/\/consejoderectores.cl\/en\/wp-json\/wp\/v2\/posts\/1101\/revisions\/6059"}],"wp:featuredmedia":[{"embeddable":true,"href":"https:\/\/consejoderectores.cl\/en\/wp-json\/wp\/v2\/media\/3592"}],"wp:attachment":[{"href":"https:\/\/consejoderectores.cl\/en\/wp-json\/wp\/v2\/media?parent=1101"}],"wp:term":[{"taxonomy":"category","embeddable":true,"href":"https:\/\/consejoderectores.cl\/en\/wp-json\/wp\/v2\/categories?post=1101"},{"taxonomy":"post_tag","embeddable":true,"href":"https:\/\/consejoderectores.cl\/en\/wp-json\/wp\/v2\/tags?post=1101"}],"curies":[{"name":"wp","href":"https:\/\/api.w.org\/{rel}","templated":true}]}}