{"id":11008,"date":"2024-06-13T16:09:44","date_gmt":"2024-06-13T16:09:44","guid":{"rendered":"https:\/\/consejoderectores.cl\/?p=11008"},"modified":"2024-06-13T18:52:18","modified_gmt":"2024-06-13T18:52:18","slug":"el-consejo-de-rectoras-y-rectores-manifesto-su-firme-apoyo-a-la-maxima-autoridad-de-la-universidad-de-chile","status":"publish","type":"post","link":"https:\/\/consejoderectores.cl\/en\/2024\/06\/13\/el-consejo-de-rectoras-y-rectores-manifesto-su-firme-apoyo-a-la-maxima-autoridad-de-la-universidad-de-chile\/","title":{"rendered":"The Council of Rectors expressed its \u201cfirm support\u201d for the highest authority of the University of Chile"},"content":{"rendered":"<blockquote><p>In a public statement, the CRUCH expressed its rejection of &quot;all types of violence and harm to people,&quot; referring to the banner that was displayed at the UChile Central House.<\/p>\n<p>Furthermore, the Council endorsed the words of Rector Rosa Dev\u00e9s, in relation to the fact that &quot;the university must be a place of peace, a place of dialogue, a place of encounter&quot; and reaffirms its commitment &quot;to these fundamental values, essential for university coexistence and for the construction of a more just and equitable society.&quot;.<\/p><\/blockquote>\n<p>Through a public statement published this Thursday, June 13, the Council of Rectors of Chilean Universities (CRUCH) expressed its \u201cfirm support for the Rector of the University of Chile, Rosa Dev\u00e9s, who has recently been the object of derogatory and insolent expressions.\u201d.<\/p>\n<p>In the text, the rectors of the Council express their rejection of &quot;all types of violence and harm to people,&quot; referring to the banner displayed at the Central House of the University of Chile last weekend, with a message demanding the severing of relations with Israeli universities, accompanied by an offensive image of the Rector.<\/p>\n<p>The statement asserts that \u201csince the beginning of the demonstrations in May, Rector Dev\u00e9s has maintained that universities should be spaces for dialogue where all voices are heard.\u201d.<\/p>\n<p>Along these lines, CRUCH emphasizes that the highest authority of the University of Chile \u201chas handled this complex situation in an exemplary manner and with a university vision that we fully share.\u201d.<\/p>\n<p>Furthermore, the statement highlights the Rector&#039;s &quot;ongoing efforts to create spaces that promote dialogue, as well as her respect for the diversity of ideas, her pluralism, and her commitment to freedom and human rights.&quot;.<\/p>\n<p>The Council of Rectors and Rectors endorses the words of Rosa Dev\u00e9s, who recently stated that \u201cthe university must be a place of peace, a place of dialogue, a place of encounter\u201d and reaffirms its commitment \u201cto these fundamental values, essential for university coexistence and for the construction of a more just and equitable society.\u201d.<\/p>\n<p>The CRUCH concludes by stating that \u201cit is vital that our educational institutions be spaces where mutual respect, constructive exchange of ideas and the pursuit of the common good prevail.<\/p>\n<p>Check the <a href=\"https:\/\/consejoderectores.cl\/en\/2024\/06\/13\/consejo-de-rectoras-y-rectores-de-las-universidades-chilenas-cruch-expresa-su-apoyo-a-la-rectora-de-la-universidad-de-chile\/\">Full Public Statement HERE<\/a><\/p>","protected":false},"excerpt":{"rendered":"<p>En un declaraci\u00f3n p\u00fablica el CRUCH expres\u00f3 su rechazo a \u201ctodo tipo de violencia y menoscabo a las personas\u201d, en referencia al lienzo que se despleg\u00f3 en la Casa Central de la UChile. Adem\u00e1s, el Consejo suscribi\u00f3 las palabras de la rectora Rosa Dev\u00e9s, en relaci\u00f3n a que \u201cla universidad debe ser un lugar de [&hellip;]<\/p>\n","protected":false},"author":1,"featured_media":11017,"comment_status":"open","ping_status":"open","sticky":false,"template":"","format":"standard","meta":{"_acf_changed":false,"footnotes":""},"categories":[3,13],"tags":[],"class_list":["post-11008","post","type-post","status-publish","format-standard","has-post-thumbnail","hentry","category-noticias","category-noticias-carrusel"],"acf":[],"yoast_head":"<!-- This site is optimized with the Yoast SEO plugin v27.1.1 - https:\/\/yoast.com\/product\/yoast-seo-wordpress\/ -->\n<title>El Consejo de Rectoras y Rectores manifest\u00f3 su \u201cfirme apoyo\u201d a la m\u00e1xima autoridad de la Universidad de Chile - Consejo de Rectoras y Rectores de las Universidades Chilenas<\/title>\n<meta name=\"robots\" content=\"index, follow, max-snippet:-1, max-image-preview:large, max-video-preview:-1\" \/>\n<link rel=\"canonical\" href=\"https:\/\/consejoderectores.cl\/en\/2024\/06\/13\/el-consejo-de-rectoras-y-rectores-manifesto-su-firme-apoyo-a-la-maxima-autoridad-de-la-universidad-de-chile\/\" \/>\n<meta property=\"og:locale\" content=\"en_US\" \/>\n<meta property=\"og:type\" content=\"article\" \/>\n<meta property=\"og:title\" content=\"El Consejo de Rectoras y Rectores manifest\u00f3 su \u201cfirme apoyo\u201d a la m\u00e1xima autoridad de la Universidad de Chile - Consejo de Rectoras y Rectores de las Universidades Chilenas\" \/>\n<meta property=\"og:description\" content=\"En un declaraci\u00f3n p\u00fablica el CRUCH expres\u00f3 su rechazo a \u201ctodo tipo de violencia y menoscabo a las personas\u201d, en referencia al lienzo que se despleg\u00f3 en la Casa Central de la UChile. Adem\u00e1s, el Consejo suscribi\u00f3 las palabras de la rectora Rosa Dev\u00e9s, en relaci\u00f3n a que \u201cla universidad debe ser un lugar de [&hellip;]\" \/>\n<meta property=\"og:url\" content=\"https:\/\/consejoderectores.cl\/en\/2024\/06\/13\/el-consejo-de-rectoras-y-rectores-manifesto-su-firme-apoyo-a-la-maxima-autoridad-de-la-universidad-de-chile\/\" \/>\n<meta property=\"og:site_name\" content=\"Consejo de Rectoras y Rectores de las Universidades Chilenas\" \/>\n<meta property=\"article:published_time\" content=\"2024-06-13T16:09:44+00:00\" \/>\n<meta property=\"article:modified_time\" content=\"2024-06-13T18:52:18+00:00\" \/>\n<meta property=\"og:image\" content=\"https:\/\/consejoderectores.cl\/wp-content\/uploads\/2024\/06\/declaraciones-publicas-848x414-1.jpg\" \/>\n\t<meta property=\"og:image:width\" content=\"848\" \/>\n\t<meta property=\"og:image:height\" content=\"414\" \/>\n\t<meta property=\"og:image:type\" content=\"image\/jpeg\" \/>\n<meta name=\"author\" content=\"Consejo de Rectores de las Universidades Chilenas\" \/>\n<meta name=\"twitter:card\" content=\"summary_large_image\" \/>\n<meta name=\"twitter:creator\" content=\"@CRUCH_cl\" \/>\n<meta name=\"twitter:site\" content=\"@CRUCH_cl\" \/>\n<meta name=\"twitter:label1\" content=\"Written by\" \/>\n\t<meta name=\"twitter:data1\" content=\"Consejo de Rectores de las Universidades Chilenas\" \/>\n\t<meta name=\"twitter:label2\" content=\"Est. reading time\" \/>\n\t<meta name=\"twitter:data2\" content=\"2 minutes\" \/>\n<script type=\"application\/ld+json\" class=\"yoast-schema-graph\">{\"@context\":\"https:\/\/schema.org\",\"@graph\":[{\"@type\":\"Article\",\"@id\":\"https:\/\/consejoderectores.cl\/2024\/06\/13\/el-consejo-de-rectoras-y-rectores-manifesto-su-firme-apoyo-a-la-maxima-autoridad-de-la-universidad-de-chile\/#article\",\"isPartOf\":{\"@id\":\"https:\/\/consejoderectores.cl\/2024\/06\/13\/el-consejo-de-rectoras-y-rectores-manifesto-su-firme-apoyo-a-la-maxima-autoridad-de-la-universidad-de-chile\/\"},\"author\":{\"name\":\"Consejo de Rectores de las Universidades Chilenas\",\"@id\":\"https:\/\/consejoderectores.cl\/en\/#\/schema\/person\/d863e44afde067fd4b57fac66ced709e\"},\"headline\":\"El Consejo de Rectoras y Rectores manifest\u00f3 su \u201cfirme apoyo\u201d a la m\u00e1xima autoridad de la Universidad de Chile\",\"datePublished\":\"2024-06-13T16:09:44+00:00\",\"dateModified\":\"2024-06-13T18:52:18+00:00\",\"mainEntityOfPage\":{\"@id\":\"https:\/\/consejoderectores.cl\/2024\/06\/13\/el-consejo-de-rectoras-y-rectores-manifesto-su-firme-apoyo-a-la-maxima-autoridad-de-la-universidad-de-chile\/\"},\"wordCount\":442,\"commentCount\":0,\"publisher\":{\"@id\":\"https:\/\/consejoderectores.cl\/en\/#organization\"},\"image\":{\"@id\":\"https:\/\/consejoderectores.cl\/2024\/06\/13\/el-consejo-de-rectoras-y-rectores-manifesto-su-firme-apoyo-a-la-maxima-autoridad-de-la-universidad-de-chile\/#primaryimage\"},\"thumbnailUrl\":\"https:\/\/consejoderectores.cl\/wp-content\/uploads\/2024\/06\/declaraciones-publicas-848x414-1.jpg\",\"articleSection\":[\"Noticias\",\"Noticias Carrusel\"],\"inLanguage\":\"en-US\",\"potentialAction\":[{\"@type\":\"CommentAction\",\"name\":\"Comment\",\"target\":[\"https:\/\/consejoderectores.cl\/2024\/06\/13\/el-consejo-de-rectoras-y-rectores-manifesto-su-firme-apoyo-a-la-maxima-autoridad-de-la-universidad-de-chile\/#respond\"]}]},{\"@type\":\"WebPage\",\"@id\":\"https:\/\/consejoderectores.cl\/2024\/06\/13\/el-consejo-de-rectoras-y-rectores-manifesto-su-firme-apoyo-a-la-maxima-autoridad-de-la-universidad-de-chile\/\",\"url\":\"https:\/\/consejoderectores.cl\/2024\/06\/13\/el-consejo-de-rectoras-y-rectores-manifesto-su-firme-apoyo-a-la-maxima-autoridad-de-la-universidad-de-chile\/\",\"name\":\"El Consejo de Rectoras y Rectores manifest\u00f3 su \u201cfirme apoyo\u201d a la m\u00e1xima autoridad de la Universidad de Chile - Consejo de Rectoras y Rectores de las Universidades Chilenas\",\"isPartOf\":{\"@id\":\"https:\/\/consejoderectores.cl\/en\/#website\"},\"primaryImageOfPage\":{\"@id\":\"https:\/\/consejoderectores.cl\/2024\/06\/13\/el-consejo-de-rectoras-y-rectores-manifesto-su-firme-apoyo-a-la-maxima-autoridad-de-la-universidad-de-chile\/#primaryimage\"},\"image\":{\"@id\":\"https:\/\/consejoderectores.cl\/2024\/06\/13\/el-consejo-de-rectoras-y-rectores-manifesto-su-firme-apoyo-a-la-maxima-autoridad-de-la-universidad-de-chile\/#primaryimage\"},\"thumbnailUrl\":\"https:\/\/consejoderectores.cl\/wp-content\/uploads\/2024\/06\/declaraciones-publicas-848x414-1.jpg\",\"datePublished\":\"2024-06-13T16:09:44+00:00\",\"dateModified\":\"2024-06-13T18:52:18+00:00\",\"breadcrumb\":{\"@id\":\"https:\/\/consejoderectores.cl\/2024\/06\/13\/el-consejo-de-rectoras-y-rectores-manifesto-su-firme-apoyo-a-la-maxima-autoridad-de-la-universidad-de-chile\/#breadcrumb\"},\"inLanguage\":\"en-US\",\"potentialAction\":[{\"@type\":\"ReadAction\",\"target\":[\"https:\/\/consejoderectores.cl\/2024\/06\/13\/el-consejo-de-rectoras-y-rectores-manifesto-su-firme-apoyo-a-la-maxima-autoridad-de-la-universidad-de-chile\/\"]}]},{\"@type\":\"ImageObject\",\"inLanguage\":\"en-US\",\"@id\":\"https:\/\/consejoderectores.cl\/2024\/06\/13\/el-consejo-de-rectoras-y-rectores-manifesto-su-firme-apoyo-a-la-maxima-autoridad-de-la-universidad-de-chile\/#primaryimage\",\"url\":\"https:\/\/consejoderectores.cl\/wp-content\/uploads\/2024\/06\/declaraciones-publicas-848x414-1.jpg\",\"contentUrl\":\"https:\/\/consejoderectores.cl\/wp-content\/uploads\/2024\/06\/declaraciones-publicas-848x414-1.jpg\",\"width\":848,\"height\":414},{\"@type\":\"BreadcrumbList\",\"@id\":\"https:\/\/consejoderectores.cl\/2024\/06\/13\/el-consejo-de-rectoras-y-rectores-manifesto-su-firme-apoyo-a-la-maxima-autoridad-de-la-universidad-de-chile\/#breadcrumb\",\"itemListElement\":[{\"@type\":\"ListItem\",\"position\":1,\"name\":\"Home\",\"item\":\"https:\/\/consejoderectores.cl\/\"},{\"@type\":\"ListItem\",\"position\":2,\"name\":\"El Consejo de Rectoras y Rectores manifest\u00f3 su \u201cfirme apoyo\u201d a la m\u00e1xima autoridad de la Universidad de Chile\"}]},{\"@type\":\"WebSite\",\"@id\":\"https:\/\/consejoderectores.cl\/en\/#website\",\"url\":\"https:\/\/consejoderectores.cl\/en\/\",\"name\":\"Consejo de Rectoras y Rectores de las Universidades Chilenas\",\"description\":\"\",\"publisher\":{\"@id\":\"https:\/\/consejoderectores.cl\/en\/#organization\"},\"potentialAction\":[{\"@type\":\"SearchAction\",\"target\":{\"@type\":\"EntryPoint\",\"urlTemplate\":\"https:\/\/consejoderectores.cl\/en\/?s={search_term_string}\"},\"query-input\":{\"@type\":\"PropertyValueSpecification\",\"valueRequired\":true,\"valueName\":\"search_term_string\"}}],\"inLanguage\":\"en-US\"},{\"@type\":\"Organization\",\"@id\":\"https:\/\/consejoderectores.cl\/en\/#organization\",\"name\":\"Consejo de Rectoras y Rectores de las Universidades Chilenas\",\"url\":\"https:\/\/consejoderectores.cl\/en\/\",\"logo\":{\"@type\":\"ImageObject\",\"inLanguage\":\"en-US\",\"@id\":\"https:\/\/consejoderectores.cl\/en\/#\/schema\/logo\/image\/\",\"url\":\"https:\/\/consejoderectores.cl\/wp-content\/uploads\/2025\/12\/logoheader_2025.png\",\"contentUrl\":\"https:\/\/consejoderectores.cl\/wp-content\/uploads\/2025\/12\/logoheader_2025.png\",\"width\":666,\"height\":305,\"caption\":\"Consejo de Rectoras y Rectores de las Universidades Chilenas\"},\"image\":{\"@id\":\"https:\/\/consejoderectores.cl\/en\/#\/schema\/logo\/image\/\"},\"sameAs\":[\"https:\/\/x.com\/CRUCH_cl\",\"https:\/\/www.instagram.com\/consejoderectores\/\",\"https:\/\/www.linkedin.com\/company\/cruch\/\",\"https:\/\/www.youtube.com\/channel\/UCzgIFRCsDlKoFpimiQmEaOA\"]},{\"@type\":\"Person\",\"@id\":\"https:\/\/consejoderectores.cl\/en\/#\/schema\/person\/d863e44afde067fd4b57fac66ced709e\",\"name\":\"Consejo de Rectores de las Universidades Chilenas\",\"image\":{\"@type\":\"ImageObject\",\"inLanguage\":\"en-US\",\"@id\":\"https:\/\/consejoderectores.cl\/en\/#\/schema\/person\/image\/\",\"url\":\"https:\/\/secure.gravatar.com\/avatar\/c31e2a02401f041926afb8ee21ab666f0925814fe85d25a5c8db80e23722dfc1?s=96&d=mm&r=g\",\"contentUrl\":\"https:\/\/secure.gravatar.com\/avatar\/c31e2a02401f041926afb8ee21ab666f0925814fe85d25a5c8db80e23722dfc1?s=96&d=mm&r=g\",\"caption\":\"Consejo de Rectores de las Universidades Chilenas\"},\"sameAs\":[\"https:\/\/www.consejoderectores.cl\"],\"url\":\"https:\/\/consejoderectores.cl\/en\/author\/cruch\/\"}]}<\/script>\n<!-- \/ Yoast SEO plugin. -->","yoast_head_json":{"title":"El Consejo de Rectoras y Rectores manifest\u00f3 su \u201cfirme apoyo\u201d a la m\u00e1xima autoridad de la Universidad de Chile - Consejo de Rectoras y Rectores de las Universidades Chilenas","robots":{"index":"index","follow":"follow","max-snippet":"max-snippet:-1","max-image-preview":"max-image-preview:large","max-video-preview":"max-video-preview:-1"},"canonical":"https:\/\/consejoderectores.cl\/en\/2024\/06\/13\/el-consejo-de-rectoras-y-rectores-manifesto-su-firme-apoyo-a-la-maxima-autoridad-de-la-universidad-de-chile\/","og_locale":"en_US","og_type":"article","og_title":"El Consejo de Rectoras y Rectores manifest\u00f3 su \u201cfirme apoyo\u201d a la m\u00e1xima autoridad de la Universidad de Chile - Consejo de Rectoras y Rectores de las Universidades Chilenas","og_description":"En un declaraci\u00f3n p\u00fablica el CRUCH expres\u00f3 su rechazo a \u201ctodo tipo de violencia y menoscabo a las personas\u201d, en referencia al lienzo que se despleg\u00f3 en la Casa Central de la UChile. Adem\u00e1s, el Consejo suscribi\u00f3 las palabras de la rectora Rosa Dev\u00e9s, en relaci\u00f3n a que \u201cla universidad debe ser un lugar de [&hellip;]","og_url":"https:\/\/consejoderectores.cl\/en\/2024\/06\/13\/el-consejo-de-rectoras-y-rectores-manifesto-su-firme-apoyo-a-la-maxima-autoridad-de-la-universidad-de-chile\/","og_site_name":"Consejo de Rectoras y Rectores de las Universidades Chilenas","article_published_time":"2024-06-13T16:09:44+00:00","article_modified_time":"2024-06-13T18:52:18+00:00","og_image":[{"width":848,"height":414,"url":"https:\/\/consejoderectores.cl\/wp-content\/uploads\/2024\/06\/declaraciones-publicas-848x414-1.jpg","type":"image\/jpeg"}],"author":"Consejo de Rectores de las Universidades Chilenas","twitter_card":"summary_large_image","twitter_creator":"@CRUCH_cl","twitter_site":"@CRUCH_cl","twitter_misc":{"Written by":"Consejo de Rectores de las Universidades Chilenas","Est. reading time":"2 minutes"},"schema":{"@context":"https:\/\/schema.org","@graph":[{"@type":"Article","@id":"https:\/\/consejoderectores.cl\/2024\/06\/13\/el-consejo-de-rectoras-y-rectores-manifesto-su-firme-apoyo-a-la-maxima-autoridad-de-la-universidad-de-chile\/#article","isPartOf":{"@id":"https:\/\/consejoderectores.cl\/2024\/06\/13\/el-consejo-de-rectoras-y-rectores-manifesto-su-firme-apoyo-a-la-maxima-autoridad-de-la-universidad-de-chile\/"},"author":{"name":"Consejo de Rectores de las Universidades Chilenas","@id":"https:\/\/consejoderectores.cl\/en\/#\/schema\/person\/d863e44afde067fd4b57fac66ced709e"},"headline":"El Consejo de Rectoras y Rectores manifest\u00f3 su \u201cfirme apoyo\u201d a la m\u00e1xima autoridad de la Universidad de Chile","datePublished":"2024-06-13T16:09:44+00:00","dateModified":"2024-06-13T18:52:18+00:00","mainEntityOfPage":{"@id":"https:\/\/consejoderectores.cl\/2024\/06\/13\/el-consejo-de-rectoras-y-rectores-manifesto-su-firme-apoyo-a-la-maxima-autoridad-de-la-universidad-de-chile\/"},"wordCount":442,"commentCount":0,"publisher":{"@id":"https:\/\/consejoderectores.cl\/en\/#organization"},"image":{"@id":"https:\/\/consejoderectores.cl\/2024\/06\/13\/el-consejo-de-rectoras-y-rectores-manifesto-su-firme-apoyo-a-la-maxima-autoridad-de-la-universidad-de-chile\/#primaryimage"},"thumbnailUrl":"https:\/\/consejoderectores.cl\/wp-content\/uploads\/2024\/06\/declaraciones-publicas-848x414-1.jpg","articleSection":["Noticias","Noticias Carrusel"],"inLanguage":"en-US","potentialAction":[{"@type":"CommentAction","name":"Comment","target":["https:\/\/consejoderectores.cl\/2024\/06\/13\/el-consejo-de-rectoras-y-rectores-manifesto-su-firme-apoyo-a-la-maxima-autoridad-de-la-universidad-de-chile\/#respond"]}]},{"@type":"WebPage","@id":"https:\/\/consejoderectores.cl\/2024\/06\/13\/el-consejo-de-rectoras-y-rectores-manifesto-su-firme-apoyo-a-la-maxima-autoridad-de-la-universidad-de-chile\/","url":"https:\/\/consejoderectores.cl\/2024\/06\/13\/el-consejo-de-rectoras-y-rectores-manifesto-su-firme-apoyo-a-la-maxima-autoridad-de-la-universidad-de-chile\/","name":"El Consejo de Rectoras y Rectores manifest\u00f3 su \u201cfirme apoyo\u201d a la m\u00e1xima autoridad de la Universidad de Chile - Consejo de Rectoras y Rectores de las Universidades Chilenas","isPartOf":{"@id":"https:\/\/consejoderectores.cl\/en\/#website"},"primaryImageOfPage":{"@id":"https:\/\/consejoderectores.cl\/2024\/06\/13\/el-consejo-de-rectoras-y-rectores-manifesto-su-firme-apoyo-a-la-maxima-autoridad-de-la-universidad-de-chile\/#primaryimage"},"image":{"@id":"https:\/\/consejoderectores.cl\/2024\/06\/13\/el-consejo-de-rectoras-y-rectores-manifesto-su-firme-apoyo-a-la-maxima-autoridad-de-la-universidad-de-chile\/#primaryimage"},"thumbnailUrl":"https:\/\/consejoderectores.cl\/wp-content\/uploads\/2024\/06\/declaraciones-publicas-848x414-1.jpg","datePublished":"2024-06-13T16:09:44+00:00","dateModified":"2024-06-13T18:52:18+00:00","breadcrumb":{"@id":"https:\/\/consejoderectores.cl\/2024\/06\/13\/el-consejo-de-rectoras-y-rectores-manifesto-su-firme-apoyo-a-la-maxima-autoridad-de-la-universidad-de-chile\/#breadcrumb"},"inLanguage":"en-US","potentialAction":[{"@type":"ReadAction","target":["https:\/\/consejoderectores.cl\/2024\/06\/13\/el-consejo-de-rectoras-y-rectores-manifesto-su-firme-apoyo-a-la-maxima-autoridad-de-la-universidad-de-chile\/"]}]},{"@type":"ImageObject","inLanguage":"en-US","@id":"https:\/\/consejoderectores.cl\/2024\/06\/13\/el-consejo-de-rectoras-y-rectores-manifesto-su-firme-apoyo-a-la-maxima-autoridad-de-la-universidad-de-chile\/#primaryimage","url":"https:\/\/consejoderectores.cl\/wp-content\/uploads\/2024\/06\/declaraciones-publicas-848x414-1.jpg","contentUrl":"https:\/\/consejoderectores.cl\/wp-content\/uploads\/2024\/06\/declaraciones-publicas-848x414-1.jpg","width":848,"height":414},{"@type":"BreadcrumbList","@id":"https:\/\/consejoderectores.cl\/2024\/06\/13\/el-consejo-de-rectoras-y-rectores-manifesto-su-firme-apoyo-a-la-maxima-autoridad-de-la-universidad-de-chile\/#breadcrumb","itemListElement":[{"@type":"ListItem","position":1,"name":"Home","item":"https:\/\/consejoderectores.cl\/"},{"@type":"ListItem","position":2,"name":"El Consejo de Rectoras y Rectores manifest\u00f3 su \u201cfirme apoyo\u201d a la m\u00e1xima autoridad de la Universidad de Chile"}]},{"@type":"WebSite","@id":"https:\/\/consejoderectores.cl\/en\/#website","url":"https:\/\/consejoderectores.cl\/en\/","name":"Council of Rectors of Chilean Universities","description":"","publisher":{"@id":"https:\/\/consejoderectores.cl\/en\/#organization"},"potentialAction":[{"@type":"SearchAction","target":{"@type":"EntryPoint","urlTemplate":"https:\/\/consejoderectores.cl\/en\/?s={search_term_string}"},"query-input":{"@type":"PropertyValueSpecification","valueRequired":true,"valueName":"search_term_string"}}],"inLanguage":"en-US"},{"@type":"Organization","@id":"https:\/\/consejoderectores.cl\/en\/#organization","name":"Council of Rectors of Chilean Universities","url":"https:\/\/consejoderectores.cl\/en\/","logo":{"@type":"ImageObject","inLanguage":"en-US","@id":"https:\/\/consejoderectores.cl\/en\/#\/schema\/logo\/image\/","url":"https:\/\/consejoderectores.cl\/wp-content\/uploads\/2025\/12\/logoheader_2025.png","contentUrl":"https:\/\/consejoderectores.cl\/wp-content\/uploads\/2025\/12\/logoheader_2025.png","width":666,"height":305,"caption":"Consejo de Rectoras y Rectores de las Universidades Chilenas"},"image":{"@id":"https:\/\/consejoderectores.cl\/en\/#\/schema\/logo\/image\/"},"sameAs":["https:\/\/x.com\/CRUCH_cl","https:\/\/www.instagram.com\/consejoderectores\/","https:\/\/www.linkedin.com\/company\/cruch\/","https:\/\/www.youtube.com\/channel\/UCzgIFRCsDlKoFpimiQmEaOA"]},{"@type":"Person","@id":"https:\/\/consejoderectores.cl\/en\/#\/schema\/person\/d863e44afde067fd4b57fac66ced709e","name":"Council of Rectors of Chilean Universities","image":{"@type":"ImageObject","inLanguage":"en-US","@id":"https:\/\/consejoderectores.cl\/en\/#\/schema\/person\/image\/","url":"https:\/\/secure.gravatar.com\/avatar\/c31e2a02401f041926afb8ee21ab666f0925814fe85d25a5c8db80e23722dfc1?s=96&d=mm&r=g","contentUrl":"https:\/\/secure.gravatar.com\/avatar\/c31e2a02401f041926afb8ee21ab666f0925814fe85d25a5c8db80e23722dfc1?s=96&d=mm&r=g","caption":"Consejo de Rectores de las Universidades Chilenas"},"sameAs":["https:\/\/www.consejoderectores.cl"],"url":"https:\/\/consejoderectores.cl\/en\/author\/cruch\/"}]}},"_links":{"self":[{"href":"https:\/\/consejoderectores.cl\/en\/wp-json\/wp\/v2\/posts\/11008","targetHints":{"allow":["GET"]}}],"collection":[{"href":"https:\/\/consejoderectores.cl\/en\/wp-json\/wp\/v2\/posts"}],"about":[{"href":"https:\/\/consejoderectores.cl\/en\/wp-json\/wp\/v2\/types\/post"}],"author":[{"embeddable":true,"href":"https:\/\/consejoderectores.cl\/en\/wp-json\/wp\/v2\/users\/1"}],"replies":[{"embeddable":true,"href":"https:\/\/consejoderectores.cl\/en\/wp-json\/wp\/v2\/comments?post=11008"}],"version-history":[{"count":3,"href":"https:\/\/consejoderectores.cl\/en\/wp-json\/wp\/v2\/posts\/11008\/revisions"}],"predecessor-version":[{"id":11015,"href":"https:\/\/consejoderectores.cl\/en\/wp-json\/wp\/v2\/posts\/11008\/revisions\/11015"}],"wp:featuredmedia":[{"embeddable":true,"href":"https:\/\/consejoderectores.cl\/en\/wp-json\/wp\/v2\/media\/11017"}],"wp:attachment":[{"href":"https:\/\/consejoderectores.cl\/en\/wp-json\/wp\/v2\/media?parent=11008"}],"wp:term":[{"taxonomy":"category","embeddable":true,"href":"https:\/\/consejoderectores.cl\/en\/wp-json\/wp\/v2\/categories?post=11008"},{"taxonomy":"post_tag","embeddable":true,"href":"https:\/\/consejoderectores.cl\/en\/wp-json\/wp\/v2\/tags?post=11008"}],"curies":[{"name":"wp","href":"https:\/\/api.w.org\/{rel}","templated":true}]}}