{"id":1085,"date":"2010-11-25T00:00:00","date_gmt":"2010-11-25T00:00:00","guid":{"rendered":""},"modified":"2022-01-28T17:05:39","modified_gmt":"2022-01-28T17:05:39","slug":"603c6d806d005","status":"publish","type":"post","link":"https:\/\/consejoderectores.cl\/en\/2010\/11\/25\/603c6d806d005\/","title":{"rendered":"Rector V\u00edctor P\u00e9rez: &quot;Dialogue and participation are a fundamental axis for the development of Higher Education&quot;\u00ab"},"content":{"rendered":"<blockquote><p>The Higher Education Conference, convened by the Council of Rectors and attended by representatives from various educational institutions, drew a large crowd.<\/p>\n<p>The meeting was attended by former President Ricardo Lagos.<\/p><\/blockquote>\n<p>More than 70 institutions, including universities, technical training centers, and professional institutes, came together for the first edition of the Higher Education Conference convened by the Council of Rectors of Chilean Universities (CRUCH).<\/p>\n<div>This event took place in the National Congress building and was very well received by the attendees.<\/div>\n<div><\/div>\n<div>\u00ab&quot;Dialogue and participation are a fundamental axis for the development of Higher Education and the spirit of academic life is reflected in this call, of which we are very satisfied,&quot; said the executive vice president of the Council and rector of the University of Chile, V\u00edctor P\u00e9rez.<\/div>\n<div><\/div>\n<div>\u00abThe nation\u2019s structural challenges require the capabilities of the higher education system to achieve the training of individuals and the generation of scientific, technical, and artistic goods necessary for the country\u2019s development (\u2026) A debate is needed with a clear, realistic, and comprehensive vision of the system\u2019s potential contributions, with the rich diversity it has and can project, avoiding confining it to a very restrictive field, delimited only by mere private interests that lose sight of the general common good of the country, and in which the issue of public funding takes on special importance,\u00bb Rector P\u00e9rez stated in his inaugural address.<\/div>\n<h4>Exhibitions<\/h4>\n<div>Ricardo Lagos Escobar, former president of Chile, inaugurated the presentations of this day, with his presentation entitled &quot;Higher Education and the challenges of Chile in the current context.&quot;.<\/div>\n<div><\/div>\n<div>In it, Lagos reviewed the university and higher education system from a historical and developmental perspective in Chile, focusing on three key points: profit, state control over the university system, and funding. &quot;Let&#039;s be frank: today we have a system with for-profit universities, and this needs to be addressed. It&#039;s unacceptable for a country like Chile not to have this debate openly.&quot; He also stated that for-profit institutions should not receive state funding.<\/div>\n<div><\/div>\n<div>In her presentation, she addressed the state&#039;s contribution to universities, noting that while 2.11% of GDP is invested in higher education, only 0.3% of that comes from the public sector, &quot;which, according to the OECD, is the lowest figure of any country in this range.&quot; In closing, she called for a &quot;serious and non-demagogic&quot; debate while simultaneously advocating for strengthening postgraduate studies and research.<\/div>\n<div><\/div>\n<div>Lagos&#039; presentation was followed by the presentation of the English expert Michael L. Shattock, who in his talk &quot;Government and regulatory structures in the higher education system&quot; referred mainly to the impact of universities and higher education on the economy and the creative intensity of the cities and regions in which they are located, as well as the transformation of the relationship between the state and universities.<\/div>\n<div><\/div>\n<div>Meanwhile, the rector of Alberto Hurtado University, Fernando Montes, stated that &quot;I believe that the call by the Council of Rectors for the Higher Education Conference is one of the most promising developments in recent times for Chilean education.&quot;.<\/div>\n<div><\/div>\n<div>The day continued with the development of 3 panels, in which the presence of both rectors of Council Universities and invited Institutions stood out.<\/div>\n<div><\/div>\n<div>Thus, the Universities of Santiago and Finis Terrae joined together in the presentation &quot;Requirements in the field of higher education governance for modern management&quot;; the University of Antofagasta did the same with Inacap in the panel &quot;Contributions of the higher education system to the regional development of Chile&quot;, while the University of Concepci\u00f3n and the Alberto Hurtado University developed the presentation: &quot;Contribution of science and technology to the development of the country&quot;.<\/div>\n<div><\/div>\n<div>The conference concludes today at 7:00 p.m.<\/div>","protected":false},"excerpt":{"rendered":"<p>Una amplia convocatoria tuvo la Conferencia de Educaci\u00f3n Superior, convocada por el Consejo de Rectores y en la que participaron representantes de diversas instituciones educativas. El encuentro cont\u00f3 con la participaci\u00f3n del ex Presidente Ricardo Lagos. M\u00e1s de 70 instituciones entre universidades, centros de formaci\u00f3n t\u00e9cnica, e institutos profesionales, se dieron cita en la primera [&hellip;]<\/p>\n","protected":false},"author":1,"featured_media":3592,"comment_status":"open","ping_status":"open","sticky":false,"template":"","format":"standard","meta":{"_acf_changed":false,"footnotes":""},"categories":[3],"tags":[],"class_list":["post-1085","post","type-post","status-publish","format-standard","has-post-thumbnail","hentry","category-noticias"],"acf":[],"yoast_head":"<!-- This site is optimized with the Yoast SEO plugin v27.1.1 - https:\/\/yoast.com\/product\/yoast-seo-wordpress\/ -->\n<title>Rector V\u00edctor P\u00e9rez: &quot;El di\u00e1logo y la participaci\u00f3n son un eje fundamental para el desarrollo de la Educaci\u00f3n Superior&quot; - Consejo de Rectoras y Rectores de las Universidades Chilenas<\/title>\n<meta name=\"robots\" content=\"index, follow, max-snippet:-1, max-image-preview:large, max-video-preview:-1\" \/>\n<link rel=\"canonical\" href=\"https:\/\/consejoderectores.cl\/en\/2010\/11\/25\/603c6d806d005\/\" \/>\n<meta property=\"og:locale\" content=\"en_US\" \/>\n<meta property=\"og:type\" content=\"article\" \/>\n<meta property=\"og:title\" content=\"Rector V\u00edctor P\u00e9rez: &quot;El di\u00e1logo y la participaci\u00f3n son un eje fundamental para el desarrollo de la Educaci\u00f3n Superior&quot; - Consejo de Rectoras y Rectores de las Universidades Chilenas\" \/>\n<meta property=\"og:description\" content=\"Una amplia convocatoria tuvo la Conferencia de Educaci\u00f3n Superior, convocada por el Consejo de Rectores y en la que participaron representantes de diversas instituciones educativas. El encuentro cont\u00f3 con la participaci\u00f3n del ex Presidente Ricardo Lagos. M\u00e1s de 70 instituciones entre universidades, centros de formaci\u00f3n t\u00e9cnica, e institutos profesionales, se dieron cita en la primera [&hellip;]\" \/>\n<meta property=\"og:url\" content=\"https:\/\/consejoderectores.cl\/en\/2010\/11\/25\/603c6d806d005\/\" \/>\n<meta property=\"og:site_name\" content=\"Consejo de Rectoras y Rectores de las Universidades Chilenas\" \/>\n<meta property=\"article:published_time\" content=\"2010-11-25T00:00:00+00:00\" \/>\n<meta property=\"article:modified_time\" content=\"2022-01-28T17:05:39+00:00\" \/>\n<meta property=\"og:image\" content=\"https:\/\/consejoderectores.cl\/wp-content\/uploads\/2021\/10\/declaraciones-publicas.jpg\" \/>\n\t<meta property=\"og:image:width\" content=\"1024\" \/>\n\t<meta property=\"og:image:height\" content=\"500\" \/>\n\t<meta property=\"og:image:type\" content=\"image\/jpeg\" \/>\n<meta name=\"author\" content=\"Consejo de Rectores de las Universidades Chilenas\" \/>\n<meta name=\"twitter:card\" content=\"summary_large_image\" \/>\n<meta name=\"twitter:creator\" content=\"@CRUCH_cl\" \/>\n<meta name=\"twitter:site\" content=\"@CRUCH_cl\" \/>\n<meta name=\"twitter:label1\" content=\"Written by\" \/>\n\t<meta name=\"twitter:data1\" content=\"Consejo de Rectores de las Universidades Chilenas\" \/>\n\t<meta name=\"twitter:label2\" content=\"Est. reading time\" \/>\n\t<meta name=\"twitter:data2\" content=\"4 minutes\" \/>\n<script type=\"application\/ld+json\" class=\"yoast-schema-graph\">{\"@context\":\"https:\/\/schema.org\",\"@graph\":[{\"@type\":\"Article\",\"@id\":\"https:\/\/consejoderectores.cl\/2010\/11\/25\/603c6d806d005\/#article\",\"isPartOf\":{\"@id\":\"https:\/\/consejoderectores.cl\/2010\/11\/25\/603c6d806d005\/\"},\"author\":{\"name\":\"Consejo de Rectores de las Universidades Chilenas\",\"@id\":\"https:\/\/consejoderectores.cl\/en\/#\/schema\/person\/d863e44afde067fd4b57fac66ced709e\"},\"headline\":\"Rector V\u00edctor P\u00e9rez: \u00abEl di\u00e1logo y la participaci\u00f3n son un eje fundamental para el desarrollo de la Educaci\u00f3n Superior\u00bb\",\"datePublished\":\"2010-11-25T00:00:00+00:00\",\"dateModified\":\"2022-01-28T17:05:39+00:00\",\"mainEntityOfPage\":{\"@id\":\"https:\/\/consejoderectores.cl\/2010\/11\/25\/603c6d806d005\/\"},\"wordCount\":760,\"commentCount\":0,\"publisher\":{\"@id\":\"https:\/\/consejoderectores.cl\/en\/#organization\"},\"image\":{\"@id\":\"https:\/\/consejoderectores.cl\/2010\/11\/25\/603c6d806d005\/#primaryimage\"},\"thumbnailUrl\":\"https:\/\/consejoderectores.cl\/wp-content\/uploads\/2021\/10\/declaraciones-publicas.jpg\",\"articleSection\":[\"Noticias\"],\"inLanguage\":\"en-US\",\"potentialAction\":[{\"@type\":\"CommentAction\",\"name\":\"Comment\",\"target\":[\"https:\/\/consejoderectores.cl\/2010\/11\/25\/603c6d806d005\/#respond\"]}]},{\"@type\":\"WebPage\",\"@id\":\"https:\/\/consejoderectores.cl\/2010\/11\/25\/603c6d806d005\/\",\"url\":\"https:\/\/consejoderectores.cl\/2010\/11\/25\/603c6d806d005\/\",\"name\":\"Rector V\u00edctor P\u00e9rez: \\\"El di\u00e1logo y la participaci\u00f3n son un eje fundamental para el desarrollo de la Educaci\u00f3n Superior\\\" - Consejo de Rectoras y Rectores de las Universidades Chilenas\",\"isPartOf\":{\"@id\":\"https:\/\/consejoderectores.cl\/en\/#website\"},\"primaryImageOfPage\":{\"@id\":\"https:\/\/consejoderectores.cl\/2010\/11\/25\/603c6d806d005\/#primaryimage\"},\"image\":{\"@id\":\"https:\/\/consejoderectores.cl\/2010\/11\/25\/603c6d806d005\/#primaryimage\"},\"thumbnailUrl\":\"https:\/\/consejoderectores.cl\/wp-content\/uploads\/2021\/10\/declaraciones-publicas.jpg\",\"datePublished\":\"2010-11-25T00:00:00+00:00\",\"dateModified\":\"2022-01-28T17:05:39+00:00\",\"breadcrumb\":{\"@id\":\"https:\/\/consejoderectores.cl\/2010\/11\/25\/603c6d806d005\/#breadcrumb\"},\"inLanguage\":\"en-US\",\"potentialAction\":[{\"@type\":\"ReadAction\",\"target\":[\"https:\/\/consejoderectores.cl\/2010\/11\/25\/603c6d806d005\/\"]}]},{\"@type\":\"ImageObject\",\"inLanguage\":\"en-US\",\"@id\":\"https:\/\/consejoderectores.cl\/2010\/11\/25\/603c6d806d005\/#primaryimage\",\"url\":\"https:\/\/consejoderectores.cl\/wp-content\/uploads\/2021\/10\/declaraciones-publicas.jpg\",\"contentUrl\":\"https:\/\/consejoderectores.cl\/wp-content\/uploads\/2021\/10\/declaraciones-publicas.jpg\",\"width\":1024,\"height\":500},{\"@type\":\"BreadcrumbList\",\"@id\":\"https:\/\/consejoderectores.cl\/2010\/11\/25\/603c6d806d005\/#breadcrumb\",\"itemListElement\":[{\"@type\":\"ListItem\",\"position\":1,\"name\":\"Home\",\"item\":\"https:\/\/consejoderectores.cl\/\"},{\"@type\":\"ListItem\",\"position\":2,\"name\":\"Rector V\u00edctor P\u00e9rez: \u00abEl di\u00e1logo y la participaci\u00f3n son un eje fundamental para el desarrollo de la Educaci\u00f3n Superior\u00bb\"}]},{\"@type\":\"WebSite\",\"@id\":\"https:\/\/consejoderectores.cl\/en\/#website\",\"url\":\"https:\/\/consejoderectores.cl\/en\/\",\"name\":\"Consejo de Rectoras y Rectores de las Universidades Chilenas\",\"description\":\"\",\"publisher\":{\"@id\":\"https:\/\/consejoderectores.cl\/en\/#organization\"},\"potentialAction\":[{\"@type\":\"SearchAction\",\"target\":{\"@type\":\"EntryPoint\",\"urlTemplate\":\"https:\/\/consejoderectores.cl\/en\/?s={search_term_string}\"},\"query-input\":{\"@type\":\"PropertyValueSpecification\",\"valueRequired\":true,\"valueName\":\"search_term_string\"}}],\"inLanguage\":\"en-US\"},{\"@type\":\"Organization\",\"@id\":\"https:\/\/consejoderectores.cl\/en\/#organization\",\"name\":\"Consejo de Rectoras y Rectores de las Universidades Chilenas\",\"url\":\"https:\/\/consejoderectores.cl\/en\/\",\"logo\":{\"@type\":\"ImageObject\",\"inLanguage\":\"en-US\",\"@id\":\"https:\/\/consejoderectores.cl\/en\/#\/schema\/logo\/image\/\",\"url\":\"https:\/\/consejoderectores.cl\/wp-content\/uploads\/2025\/12\/logoheader_2025.png\",\"contentUrl\":\"https:\/\/consejoderectores.cl\/wp-content\/uploads\/2025\/12\/logoheader_2025.png\",\"width\":666,\"height\":305,\"caption\":\"Consejo de Rectoras y Rectores de las Universidades Chilenas\"},\"image\":{\"@id\":\"https:\/\/consejoderectores.cl\/en\/#\/schema\/logo\/image\/\"},\"sameAs\":[\"https:\/\/x.com\/CRUCH_cl\",\"https:\/\/www.instagram.com\/consejoderectores\/\",\"https:\/\/www.linkedin.com\/company\/cruch\/\",\"https:\/\/www.youtube.com\/channel\/UCzgIFRCsDlKoFpimiQmEaOA\"]},{\"@type\":\"Person\",\"@id\":\"https:\/\/consejoderectores.cl\/en\/#\/schema\/person\/d863e44afde067fd4b57fac66ced709e\",\"name\":\"Consejo de Rectores de las Universidades Chilenas\",\"image\":{\"@type\":\"ImageObject\",\"inLanguage\":\"en-US\",\"@id\":\"https:\/\/consejoderectores.cl\/en\/#\/schema\/person\/image\/\",\"url\":\"https:\/\/secure.gravatar.com\/avatar\/c31e2a02401f041926afb8ee21ab666f0925814fe85d25a5c8db80e23722dfc1?s=96&d=mm&r=g\",\"contentUrl\":\"https:\/\/secure.gravatar.com\/avatar\/c31e2a02401f041926afb8ee21ab666f0925814fe85d25a5c8db80e23722dfc1?s=96&d=mm&r=g\",\"caption\":\"Consejo de Rectores de las Universidades Chilenas\"},\"sameAs\":[\"https:\/\/www.consejoderectores.cl\"],\"url\":\"https:\/\/consejoderectores.cl\/en\/author\/cruch\/\"}]}<\/script>\n<!-- \/ Yoast SEO plugin. -->","yoast_head_json":{"title":"Rector V\u00edctor P\u00e9rez: \"El di\u00e1logo y la participaci\u00f3n son un eje fundamental para el desarrollo de la Educaci\u00f3n Superior\" - Consejo de Rectoras y Rectores de las Universidades Chilenas","robots":{"index":"index","follow":"follow","max-snippet":"max-snippet:-1","max-image-preview":"max-image-preview:large","max-video-preview":"max-video-preview:-1"},"canonical":"https:\/\/consejoderectores.cl\/en\/2010\/11\/25\/603c6d806d005\/","og_locale":"en_US","og_type":"article","og_title":"Rector V\u00edctor P\u00e9rez: \"El di\u00e1logo y la participaci\u00f3n son un eje fundamental para el desarrollo de la Educaci\u00f3n Superior\" - Consejo de Rectoras y Rectores de las Universidades Chilenas","og_description":"Una amplia convocatoria tuvo la Conferencia de Educaci\u00f3n Superior, convocada por el Consejo de Rectores y en la que participaron representantes de diversas instituciones educativas. El encuentro cont\u00f3 con la participaci\u00f3n del ex Presidente Ricardo Lagos. M\u00e1s de 70 instituciones entre universidades, centros de formaci\u00f3n t\u00e9cnica, e institutos profesionales, se dieron cita en la primera [&hellip;]","og_url":"https:\/\/consejoderectores.cl\/en\/2010\/11\/25\/603c6d806d005\/","og_site_name":"Consejo de Rectoras y Rectores de las Universidades Chilenas","article_published_time":"2010-11-25T00:00:00+00:00","article_modified_time":"2022-01-28T17:05:39+00:00","og_image":[{"width":1024,"height":500,"url":"https:\/\/consejoderectores.cl\/wp-content\/uploads\/2021\/10\/declaraciones-publicas.jpg","type":"image\/jpeg"}],"author":"Consejo de Rectores de las Universidades Chilenas","twitter_card":"summary_large_image","twitter_creator":"@CRUCH_cl","twitter_site":"@CRUCH_cl","twitter_misc":{"Written by":"Consejo de Rectores de las Universidades Chilenas","Est. reading time":"4 minutes"},"schema":{"@context":"https:\/\/schema.org","@graph":[{"@type":"Article","@id":"https:\/\/consejoderectores.cl\/2010\/11\/25\/603c6d806d005\/#article","isPartOf":{"@id":"https:\/\/consejoderectores.cl\/2010\/11\/25\/603c6d806d005\/"},"author":{"name":"Consejo de Rectores de las Universidades Chilenas","@id":"https:\/\/consejoderectores.cl\/en\/#\/schema\/person\/d863e44afde067fd4b57fac66ced709e"},"headline":"Rector V\u00edctor P\u00e9rez: \u00abEl di\u00e1logo y la participaci\u00f3n son un eje fundamental para el desarrollo de la Educaci\u00f3n Superior\u00bb","datePublished":"2010-11-25T00:00:00+00:00","dateModified":"2022-01-28T17:05:39+00:00","mainEntityOfPage":{"@id":"https:\/\/consejoderectores.cl\/2010\/11\/25\/603c6d806d005\/"},"wordCount":760,"commentCount":0,"publisher":{"@id":"https:\/\/consejoderectores.cl\/en\/#organization"},"image":{"@id":"https:\/\/consejoderectores.cl\/2010\/11\/25\/603c6d806d005\/#primaryimage"},"thumbnailUrl":"https:\/\/consejoderectores.cl\/wp-content\/uploads\/2021\/10\/declaraciones-publicas.jpg","articleSection":["Noticias"],"inLanguage":"en-US","potentialAction":[{"@type":"CommentAction","name":"Comment","target":["https:\/\/consejoderectores.cl\/2010\/11\/25\/603c6d806d005\/#respond"]}]},{"@type":"WebPage","@id":"https:\/\/consejoderectores.cl\/2010\/11\/25\/603c6d806d005\/","url":"https:\/\/consejoderectores.cl\/2010\/11\/25\/603c6d806d005\/","name":"Rector V\u00edctor P\u00e9rez: \"El di\u00e1logo y la participaci\u00f3n son un eje fundamental para el desarrollo de la Educaci\u00f3n Superior\" - Consejo de Rectoras y Rectores de las Universidades Chilenas","isPartOf":{"@id":"https:\/\/consejoderectores.cl\/en\/#website"},"primaryImageOfPage":{"@id":"https:\/\/consejoderectores.cl\/2010\/11\/25\/603c6d806d005\/#primaryimage"},"image":{"@id":"https:\/\/consejoderectores.cl\/2010\/11\/25\/603c6d806d005\/#primaryimage"},"thumbnailUrl":"https:\/\/consejoderectores.cl\/wp-content\/uploads\/2021\/10\/declaraciones-publicas.jpg","datePublished":"2010-11-25T00:00:00+00:00","dateModified":"2022-01-28T17:05:39+00:00","breadcrumb":{"@id":"https:\/\/consejoderectores.cl\/2010\/11\/25\/603c6d806d005\/#breadcrumb"},"inLanguage":"en-US","potentialAction":[{"@type":"ReadAction","target":["https:\/\/consejoderectores.cl\/2010\/11\/25\/603c6d806d005\/"]}]},{"@type":"ImageObject","inLanguage":"en-US","@id":"https:\/\/consejoderectores.cl\/2010\/11\/25\/603c6d806d005\/#primaryimage","url":"https:\/\/consejoderectores.cl\/wp-content\/uploads\/2021\/10\/declaraciones-publicas.jpg","contentUrl":"https:\/\/consejoderectores.cl\/wp-content\/uploads\/2021\/10\/declaraciones-publicas.jpg","width":1024,"height":500},{"@type":"BreadcrumbList","@id":"https:\/\/consejoderectores.cl\/2010\/11\/25\/603c6d806d005\/#breadcrumb","itemListElement":[{"@type":"ListItem","position":1,"name":"Home","item":"https:\/\/consejoderectores.cl\/"},{"@type":"ListItem","position":2,"name":"Rector V\u00edctor P\u00e9rez: \u00abEl di\u00e1logo y la participaci\u00f3n son un eje fundamental para el desarrollo de la Educaci\u00f3n Superior\u00bb"}]},{"@type":"WebSite","@id":"https:\/\/consejoderectores.cl\/en\/#website","url":"https:\/\/consejoderectores.cl\/en\/","name":"Council of Rectors of Chilean Universities","description":"","publisher":{"@id":"https:\/\/consejoderectores.cl\/en\/#organization"},"potentialAction":[{"@type":"SearchAction","target":{"@type":"EntryPoint","urlTemplate":"https:\/\/consejoderectores.cl\/en\/?s={search_term_string}"},"query-input":{"@type":"PropertyValueSpecification","valueRequired":true,"valueName":"search_term_string"}}],"inLanguage":"en-US"},{"@type":"Organization","@id":"https:\/\/consejoderectores.cl\/en\/#organization","name":"Council of Rectors of Chilean Universities","url":"https:\/\/consejoderectores.cl\/en\/","logo":{"@type":"ImageObject","inLanguage":"en-US","@id":"https:\/\/consejoderectores.cl\/en\/#\/schema\/logo\/image\/","url":"https:\/\/consejoderectores.cl\/wp-content\/uploads\/2025\/12\/logoheader_2025.png","contentUrl":"https:\/\/consejoderectores.cl\/wp-content\/uploads\/2025\/12\/logoheader_2025.png","width":666,"height":305,"caption":"Consejo de Rectoras y Rectores de las Universidades Chilenas"},"image":{"@id":"https:\/\/consejoderectores.cl\/en\/#\/schema\/logo\/image\/"},"sameAs":["https:\/\/x.com\/CRUCH_cl","https:\/\/www.instagram.com\/consejoderectores\/","https:\/\/www.linkedin.com\/company\/cruch\/","https:\/\/www.youtube.com\/channel\/UCzgIFRCsDlKoFpimiQmEaOA"]},{"@type":"Person","@id":"https:\/\/consejoderectores.cl\/en\/#\/schema\/person\/d863e44afde067fd4b57fac66ced709e","name":"Council of Rectors of Chilean Universities","image":{"@type":"ImageObject","inLanguage":"en-US","@id":"https:\/\/consejoderectores.cl\/en\/#\/schema\/person\/image\/","url":"https:\/\/secure.gravatar.com\/avatar\/c31e2a02401f041926afb8ee21ab666f0925814fe85d25a5c8db80e23722dfc1?s=96&d=mm&r=g","contentUrl":"https:\/\/secure.gravatar.com\/avatar\/c31e2a02401f041926afb8ee21ab666f0925814fe85d25a5c8db80e23722dfc1?s=96&d=mm&r=g","caption":"Consejo de Rectores de las Universidades Chilenas"},"sameAs":["https:\/\/www.consejoderectores.cl"],"url":"https:\/\/consejoderectores.cl\/en\/author\/cruch\/"}]}},"_links":{"self":[{"href":"https:\/\/consejoderectores.cl\/en\/wp-json\/wp\/v2\/posts\/1085","targetHints":{"allow":["GET"]}}],"collection":[{"href":"https:\/\/consejoderectores.cl\/en\/wp-json\/wp\/v2\/posts"}],"about":[{"href":"https:\/\/consejoderectores.cl\/en\/wp-json\/wp\/v2\/types\/post"}],"author":[{"embeddable":true,"href":"https:\/\/consejoderectores.cl\/en\/wp-json\/wp\/v2\/users\/1"}],"replies":[{"embeddable":true,"href":"https:\/\/consejoderectores.cl\/en\/wp-json\/wp\/v2\/comments?post=1085"}],"version-history":[{"count":2,"href":"https:\/\/consejoderectores.cl\/en\/wp-json\/wp\/v2\/posts\/1085\/revisions"}],"predecessor-version":[{"id":6072,"href":"https:\/\/consejoderectores.cl\/en\/wp-json\/wp\/v2\/posts\/1085\/revisions\/6072"}],"wp:featuredmedia":[{"embeddable":true,"href":"https:\/\/consejoderectores.cl\/en\/wp-json\/wp\/v2\/media\/3592"}],"wp:attachment":[{"href":"https:\/\/consejoderectores.cl\/en\/wp-json\/wp\/v2\/media?parent=1085"}],"wp:term":[{"taxonomy":"category","embeddable":true,"href":"https:\/\/consejoderectores.cl\/en\/wp-json\/wp\/v2\/categories?post=1085"},{"taxonomy":"post_tag","embeddable":true,"href":"https:\/\/consejoderectores.cl\/en\/wp-json\/wp\/v2\/tags?post=1085"}],"curies":[{"name":"wp","href":"https:\/\/api.w.org\/{rel}","templated":true}]}}