{"id":1073,"date":"2011-07-12T00:00:00","date_gmt":"2011-07-12T00:00:00","guid":{"rendered":""},"modified":"2022-01-27T17:34:24","modified_gmt":"2022-01-27T17:34:24","slug":"603c6d806c7ee","status":"publish","type":"post","link":"https:\/\/consejoderectores.cl\/en\/2011\/07\/12\/603c6d806c7ee\/","title":{"rendered":"University presidents held a meeting with representatives of CONFECH"},"content":{"rendered":"<blockquote><p>\u00a0At the meeting, the university representatives delivered a document with seven points of convergence to seek consensus with the rectors.<\/p><\/blockquote>\n<p>For about an hour and a half, the executive committee of the Council of Rectors of Chilean Universities (CRUCH) held a meeting with representatives of the Confederation of Students of Chile (CONFECH), to share their views regarding the reform of higher education and the Great National Education Agreement (GANE), presented by the Government.<\/p>\n<div>CONFECH presented the university rectors with a document outlining seven proposals they hope to reach a consensus on with university authorities. The Council of Rectors pledged to analyze these requests and provide a prompt response.<\/div>\n<div><\/div>\n<div>Upon leaving the meeting, Rector Victor P\u00e9rez, Executive Vice President of CRUCH, praised these kinds of forums and acknowledged the important role university students have played in the educational debate, stating, \u201cOur relationship with students is very respectful. Students have made a great contribution by placing the issue of higher education on the public agenda.\u201d.<\/div>","protected":false},"excerpt":{"rendered":"<p>\u00a0En el encuentro los representantes universitarios entregaron un documento con siete puntos de convergencia para buscar consenso con los rectores. Por cerca de una hora y media el comit\u00e9 ejecutivo del Consejo de Rectores de las Universidades Chilenas (CRUCH) sostuvo una reuni\u00f3n con representantes de la Confederaci\u00f3n de Estudiantes de Chile (CONFECH), para compartir sus [&hellip;]<\/p>\n","protected":false},"author":1,"featured_media":3592,"comment_status":"open","ping_status":"open","sticky":false,"template":"","format":"standard","meta":{"_acf_changed":false,"footnotes":""},"categories":[3],"tags":[],"class_list":["post-1073","post","type-post","status-publish","format-standard","has-post-thumbnail","hentry","category-noticias"],"acf":[],"yoast_head":"<!-- This site is optimized with the Yoast SEO plugin v27.1.1 - https:\/\/yoast.com\/product\/yoast-seo-wordpress\/ -->\n<title>Rectores sostuvieron reuni\u00f3n con representantes de la CONFECH - Consejo de Rectoras y Rectores de las Universidades Chilenas<\/title>\n<meta name=\"robots\" content=\"index, follow, max-snippet:-1, max-image-preview:large, max-video-preview:-1\" \/>\n<link rel=\"canonical\" href=\"https:\/\/consejoderectores.cl\/en\/2011\/07\/12\/603c6d806c7ee\/\" \/>\n<meta property=\"og:locale\" content=\"en_US\" \/>\n<meta property=\"og:type\" content=\"article\" \/>\n<meta property=\"og:title\" content=\"Rectores sostuvieron reuni\u00f3n con representantes de la CONFECH - Consejo de Rectoras y Rectores de las Universidades Chilenas\" \/>\n<meta property=\"og:description\" content=\"\u00a0En el encuentro los representantes universitarios entregaron un documento con siete puntos de convergencia para buscar consenso con los rectores. Por cerca de una hora y media el comit\u00e9 ejecutivo del Consejo de Rectores de las Universidades Chilenas (CRUCH) sostuvo una reuni\u00f3n con representantes de la Confederaci\u00f3n de Estudiantes de Chile (CONFECH), para compartir sus [&hellip;]\" \/>\n<meta property=\"og:url\" content=\"https:\/\/consejoderectores.cl\/en\/2011\/07\/12\/603c6d806c7ee\/\" \/>\n<meta property=\"og:site_name\" content=\"Consejo de Rectoras y Rectores de las Universidades Chilenas\" \/>\n<meta property=\"article:published_time\" content=\"2011-07-12T00:00:00+00:00\" \/>\n<meta property=\"article:modified_time\" content=\"2022-01-27T17:34:24+00:00\" \/>\n<meta property=\"og:image\" content=\"https:\/\/consejoderectores.cl\/wp-content\/uploads\/2021\/10\/declaraciones-publicas.jpg\" \/>\n\t<meta property=\"og:image:width\" content=\"1024\" \/>\n\t<meta property=\"og:image:height\" content=\"500\" \/>\n\t<meta property=\"og:image:type\" content=\"image\/jpeg\" \/>\n<meta name=\"author\" content=\"Consejo de Rectores de las Universidades Chilenas\" \/>\n<meta name=\"twitter:card\" content=\"summary_large_image\" \/>\n<meta name=\"twitter:creator\" content=\"@CRUCH_cl\" \/>\n<meta name=\"twitter:site\" content=\"@CRUCH_cl\" \/>\n<meta name=\"twitter:label1\" content=\"Written by\" \/>\n\t<meta name=\"twitter:data1\" content=\"Consejo de Rectores de las Universidades Chilenas\" \/>\n\t<meta name=\"twitter:label2\" content=\"Est. reading time\" \/>\n\t<meta name=\"twitter:data2\" content=\"1 minute\" \/>\n<script type=\"application\/ld+json\" class=\"yoast-schema-graph\">{\"@context\":\"https:\/\/schema.org\",\"@graph\":[{\"@type\":\"Article\",\"@id\":\"https:\/\/consejoderectores.cl\/2011\/07\/12\/603c6d806c7ee\/#article\",\"isPartOf\":{\"@id\":\"https:\/\/consejoderectores.cl\/2011\/07\/12\/603c6d806c7ee\/\"},\"author\":{\"name\":\"Consejo de Rectores de las Universidades Chilenas\",\"@id\":\"https:\/\/consejoderectores.cl\/en\/#\/schema\/person\/d863e44afde067fd4b57fac66ced709e\"},\"headline\":\"Rectores sostuvieron reuni\u00f3n con representantes de la CONFECH\",\"datePublished\":\"2011-07-12T00:00:00+00:00\",\"dateModified\":\"2022-01-27T17:34:24+00:00\",\"mainEntityOfPage\":{\"@id\":\"https:\/\/consejoderectores.cl\/2011\/07\/12\/603c6d806c7ee\/\"},\"wordCount\":187,\"commentCount\":0,\"publisher\":{\"@id\":\"https:\/\/consejoderectores.cl\/en\/#organization\"},\"image\":{\"@id\":\"https:\/\/consejoderectores.cl\/2011\/07\/12\/603c6d806c7ee\/#primaryimage\"},\"thumbnailUrl\":\"https:\/\/consejoderectores.cl\/wp-content\/uploads\/2021\/10\/declaraciones-publicas.jpg\",\"articleSection\":[\"Noticias\"],\"inLanguage\":\"en-US\",\"potentialAction\":[{\"@type\":\"CommentAction\",\"name\":\"Comment\",\"target\":[\"https:\/\/consejoderectores.cl\/2011\/07\/12\/603c6d806c7ee\/#respond\"]}]},{\"@type\":\"WebPage\",\"@id\":\"https:\/\/consejoderectores.cl\/2011\/07\/12\/603c6d806c7ee\/\",\"url\":\"https:\/\/consejoderectores.cl\/2011\/07\/12\/603c6d806c7ee\/\",\"name\":\"Rectores sostuvieron reuni\u00f3n con representantes de la CONFECH - Consejo de Rectoras y Rectores de las Universidades Chilenas\",\"isPartOf\":{\"@id\":\"https:\/\/consejoderectores.cl\/en\/#website\"},\"primaryImageOfPage\":{\"@id\":\"https:\/\/consejoderectores.cl\/2011\/07\/12\/603c6d806c7ee\/#primaryimage\"},\"image\":{\"@id\":\"https:\/\/consejoderectores.cl\/2011\/07\/12\/603c6d806c7ee\/#primaryimage\"},\"thumbnailUrl\":\"https:\/\/consejoderectores.cl\/wp-content\/uploads\/2021\/10\/declaraciones-publicas.jpg\",\"datePublished\":\"2011-07-12T00:00:00+00:00\",\"dateModified\":\"2022-01-27T17:34:24+00:00\",\"breadcrumb\":{\"@id\":\"https:\/\/consejoderectores.cl\/2011\/07\/12\/603c6d806c7ee\/#breadcrumb\"},\"inLanguage\":\"en-US\",\"potentialAction\":[{\"@type\":\"ReadAction\",\"target\":[\"https:\/\/consejoderectores.cl\/2011\/07\/12\/603c6d806c7ee\/\"]}]},{\"@type\":\"ImageObject\",\"inLanguage\":\"en-US\",\"@id\":\"https:\/\/consejoderectores.cl\/2011\/07\/12\/603c6d806c7ee\/#primaryimage\",\"url\":\"https:\/\/consejoderectores.cl\/wp-content\/uploads\/2021\/10\/declaraciones-publicas.jpg\",\"contentUrl\":\"https:\/\/consejoderectores.cl\/wp-content\/uploads\/2021\/10\/declaraciones-publicas.jpg\",\"width\":1024,\"height\":500},{\"@type\":\"BreadcrumbList\",\"@id\":\"https:\/\/consejoderectores.cl\/2011\/07\/12\/603c6d806c7ee\/#breadcrumb\",\"itemListElement\":[{\"@type\":\"ListItem\",\"position\":1,\"name\":\"Home\",\"item\":\"https:\/\/consejoderectores.cl\/\"},{\"@type\":\"ListItem\",\"position\":2,\"name\":\"Rectores sostuvieron reuni\u00f3n con representantes de la CONFECH\"}]},{\"@type\":\"WebSite\",\"@id\":\"https:\/\/consejoderectores.cl\/en\/#website\",\"url\":\"https:\/\/consejoderectores.cl\/en\/\",\"name\":\"Consejo de Rectoras y Rectores de las Universidades Chilenas\",\"description\":\"\",\"publisher\":{\"@id\":\"https:\/\/consejoderectores.cl\/en\/#organization\"},\"potentialAction\":[{\"@type\":\"SearchAction\",\"target\":{\"@type\":\"EntryPoint\",\"urlTemplate\":\"https:\/\/consejoderectores.cl\/en\/?s={search_term_string}\"},\"query-input\":{\"@type\":\"PropertyValueSpecification\",\"valueRequired\":true,\"valueName\":\"search_term_string\"}}],\"inLanguage\":\"en-US\"},{\"@type\":\"Organization\",\"@id\":\"https:\/\/consejoderectores.cl\/en\/#organization\",\"name\":\"Consejo de Rectoras y Rectores de las Universidades Chilenas\",\"url\":\"https:\/\/consejoderectores.cl\/en\/\",\"logo\":{\"@type\":\"ImageObject\",\"inLanguage\":\"en-US\",\"@id\":\"https:\/\/consejoderectores.cl\/en\/#\/schema\/logo\/image\/\",\"url\":\"https:\/\/consejoderectores.cl\/wp-content\/uploads\/2025\/12\/logoheader_2025.png\",\"contentUrl\":\"https:\/\/consejoderectores.cl\/wp-content\/uploads\/2025\/12\/logoheader_2025.png\",\"width\":666,\"height\":305,\"caption\":\"Consejo de Rectoras y Rectores de las Universidades Chilenas\"},\"image\":{\"@id\":\"https:\/\/consejoderectores.cl\/en\/#\/schema\/logo\/image\/\"},\"sameAs\":[\"https:\/\/x.com\/CRUCH_cl\",\"https:\/\/www.instagram.com\/consejoderectores\/\",\"https:\/\/www.linkedin.com\/company\/cruch\/\",\"https:\/\/www.youtube.com\/channel\/UCzgIFRCsDlKoFpimiQmEaOA\"]},{\"@type\":\"Person\",\"@id\":\"https:\/\/consejoderectores.cl\/en\/#\/schema\/person\/d863e44afde067fd4b57fac66ced709e\",\"name\":\"Consejo de Rectores de las Universidades Chilenas\",\"image\":{\"@type\":\"ImageObject\",\"inLanguage\":\"en-US\",\"@id\":\"https:\/\/consejoderectores.cl\/en\/#\/schema\/person\/image\/\",\"url\":\"https:\/\/secure.gravatar.com\/avatar\/c31e2a02401f041926afb8ee21ab666f0925814fe85d25a5c8db80e23722dfc1?s=96&d=mm&r=g\",\"contentUrl\":\"https:\/\/secure.gravatar.com\/avatar\/c31e2a02401f041926afb8ee21ab666f0925814fe85d25a5c8db80e23722dfc1?s=96&d=mm&r=g\",\"caption\":\"Consejo de Rectores de las Universidades Chilenas\"},\"sameAs\":[\"https:\/\/www.consejoderectores.cl\"],\"url\":\"https:\/\/consejoderectores.cl\/en\/author\/cruch\/\"}]}<\/script>\n<!-- \/ Yoast SEO plugin. -->","yoast_head_json":{"title":"Rectores sostuvieron reuni\u00f3n con representantes de la CONFECH - Consejo de Rectoras y Rectores de las Universidades Chilenas","robots":{"index":"index","follow":"follow","max-snippet":"max-snippet:-1","max-image-preview":"max-image-preview:large","max-video-preview":"max-video-preview:-1"},"canonical":"https:\/\/consejoderectores.cl\/en\/2011\/07\/12\/603c6d806c7ee\/","og_locale":"en_US","og_type":"article","og_title":"Rectores sostuvieron reuni\u00f3n con representantes de la CONFECH - Consejo de Rectoras y Rectores de las Universidades Chilenas","og_description":"\u00a0En el encuentro los representantes universitarios entregaron un documento con siete puntos de convergencia para buscar consenso con los rectores. Por cerca de una hora y media el comit\u00e9 ejecutivo del Consejo de Rectores de las Universidades Chilenas (CRUCH) sostuvo una reuni\u00f3n con representantes de la Confederaci\u00f3n de Estudiantes de Chile (CONFECH), para compartir sus [&hellip;]","og_url":"https:\/\/consejoderectores.cl\/en\/2011\/07\/12\/603c6d806c7ee\/","og_site_name":"Consejo de Rectoras y Rectores de las Universidades Chilenas","article_published_time":"2011-07-12T00:00:00+00:00","article_modified_time":"2022-01-27T17:34:24+00:00","og_image":[{"width":1024,"height":500,"url":"https:\/\/consejoderectores.cl\/wp-content\/uploads\/2021\/10\/declaraciones-publicas.jpg","type":"image\/jpeg"}],"author":"Consejo de Rectores de las Universidades Chilenas","twitter_card":"summary_large_image","twitter_creator":"@CRUCH_cl","twitter_site":"@CRUCH_cl","twitter_misc":{"Written by":"Consejo de Rectores de las Universidades Chilenas","Est. reading time":"1 minute"},"schema":{"@context":"https:\/\/schema.org","@graph":[{"@type":"Article","@id":"https:\/\/consejoderectores.cl\/2011\/07\/12\/603c6d806c7ee\/#article","isPartOf":{"@id":"https:\/\/consejoderectores.cl\/2011\/07\/12\/603c6d806c7ee\/"},"author":{"name":"Consejo de Rectores de las Universidades Chilenas","@id":"https:\/\/consejoderectores.cl\/en\/#\/schema\/person\/d863e44afde067fd4b57fac66ced709e"},"headline":"Rectores sostuvieron reuni\u00f3n con representantes de la CONFECH","datePublished":"2011-07-12T00:00:00+00:00","dateModified":"2022-01-27T17:34:24+00:00","mainEntityOfPage":{"@id":"https:\/\/consejoderectores.cl\/2011\/07\/12\/603c6d806c7ee\/"},"wordCount":187,"commentCount":0,"publisher":{"@id":"https:\/\/consejoderectores.cl\/en\/#organization"},"image":{"@id":"https:\/\/consejoderectores.cl\/2011\/07\/12\/603c6d806c7ee\/#primaryimage"},"thumbnailUrl":"https:\/\/consejoderectores.cl\/wp-content\/uploads\/2021\/10\/declaraciones-publicas.jpg","articleSection":["Noticias"],"inLanguage":"en-US","potentialAction":[{"@type":"CommentAction","name":"Comment","target":["https:\/\/consejoderectores.cl\/2011\/07\/12\/603c6d806c7ee\/#respond"]}]},{"@type":"WebPage","@id":"https:\/\/consejoderectores.cl\/2011\/07\/12\/603c6d806c7ee\/","url":"https:\/\/consejoderectores.cl\/2011\/07\/12\/603c6d806c7ee\/","name":"Rectores sostuvieron reuni\u00f3n con representantes de la CONFECH - Consejo de Rectoras y Rectores de las Universidades Chilenas","isPartOf":{"@id":"https:\/\/consejoderectores.cl\/en\/#website"},"primaryImageOfPage":{"@id":"https:\/\/consejoderectores.cl\/2011\/07\/12\/603c6d806c7ee\/#primaryimage"},"image":{"@id":"https:\/\/consejoderectores.cl\/2011\/07\/12\/603c6d806c7ee\/#primaryimage"},"thumbnailUrl":"https:\/\/consejoderectores.cl\/wp-content\/uploads\/2021\/10\/declaraciones-publicas.jpg","datePublished":"2011-07-12T00:00:00+00:00","dateModified":"2022-01-27T17:34:24+00:00","breadcrumb":{"@id":"https:\/\/consejoderectores.cl\/2011\/07\/12\/603c6d806c7ee\/#breadcrumb"},"inLanguage":"en-US","potentialAction":[{"@type":"ReadAction","target":["https:\/\/consejoderectores.cl\/2011\/07\/12\/603c6d806c7ee\/"]}]},{"@type":"ImageObject","inLanguage":"en-US","@id":"https:\/\/consejoderectores.cl\/2011\/07\/12\/603c6d806c7ee\/#primaryimage","url":"https:\/\/consejoderectores.cl\/wp-content\/uploads\/2021\/10\/declaraciones-publicas.jpg","contentUrl":"https:\/\/consejoderectores.cl\/wp-content\/uploads\/2021\/10\/declaraciones-publicas.jpg","width":1024,"height":500},{"@type":"BreadcrumbList","@id":"https:\/\/consejoderectores.cl\/2011\/07\/12\/603c6d806c7ee\/#breadcrumb","itemListElement":[{"@type":"ListItem","position":1,"name":"Home","item":"https:\/\/consejoderectores.cl\/"},{"@type":"ListItem","position":2,"name":"Rectores sostuvieron reuni\u00f3n con representantes de la CONFECH"}]},{"@type":"WebSite","@id":"https:\/\/consejoderectores.cl\/en\/#website","url":"https:\/\/consejoderectores.cl\/en\/","name":"Council of Rectors of Chilean Universities","description":"","publisher":{"@id":"https:\/\/consejoderectores.cl\/en\/#organization"},"potentialAction":[{"@type":"SearchAction","target":{"@type":"EntryPoint","urlTemplate":"https:\/\/consejoderectores.cl\/en\/?s={search_term_string}"},"query-input":{"@type":"PropertyValueSpecification","valueRequired":true,"valueName":"search_term_string"}}],"inLanguage":"en-US"},{"@type":"Organization","@id":"https:\/\/consejoderectores.cl\/en\/#organization","name":"Council of Rectors of Chilean Universities","url":"https:\/\/consejoderectores.cl\/en\/","logo":{"@type":"ImageObject","inLanguage":"en-US","@id":"https:\/\/consejoderectores.cl\/en\/#\/schema\/logo\/image\/","url":"https:\/\/consejoderectores.cl\/wp-content\/uploads\/2025\/12\/logoheader_2025.png","contentUrl":"https:\/\/consejoderectores.cl\/wp-content\/uploads\/2025\/12\/logoheader_2025.png","width":666,"height":305,"caption":"Consejo de Rectoras y Rectores de las Universidades Chilenas"},"image":{"@id":"https:\/\/consejoderectores.cl\/en\/#\/schema\/logo\/image\/"},"sameAs":["https:\/\/x.com\/CRUCH_cl","https:\/\/www.instagram.com\/consejoderectores\/","https:\/\/www.linkedin.com\/company\/cruch\/","https:\/\/www.youtube.com\/channel\/UCzgIFRCsDlKoFpimiQmEaOA"]},{"@type":"Person","@id":"https:\/\/consejoderectores.cl\/en\/#\/schema\/person\/d863e44afde067fd4b57fac66ced709e","name":"Council of Rectors of Chilean Universities","image":{"@type":"ImageObject","inLanguage":"en-US","@id":"https:\/\/consejoderectores.cl\/en\/#\/schema\/person\/image\/","url":"https:\/\/secure.gravatar.com\/avatar\/c31e2a02401f041926afb8ee21ab666f0925814fe85d25a5c8db80e23722dfc1?s=96&d=mm&r=g","contentUrl":"https:\/\/secure.gravatar.com\/avatar\/c31e2a02401f041926afb8ee21ab666f0925814fe85d25a5c8db80e23722dfc1?s=96&d=mm&r=g","caption":"Consejo de Rectores de las Universidades Chilenas"},"sameAs":["https:\/\/www.consejoderectores.cl"],"url":"https:\/\/consejoderectores.cl\/en\/author\/cruch\/"}]}},"_links":{"self":[{"href":"https:\/\/consejoderectores.cl\/en\/wp-json\/wp\/v2\/posts\/1073","targetHints":{"allow":["GET"]}}],"collection":[{"href":"https:\/\/consejoderectores.cl\/en\/wp-json\/wp\/v2\/posts"}],"about":[{"href":"https:\/\/consejoderectores.cl\/en\/wp-json\/wp\/v2\/types\/post"}],"author":[{"embeddable":true,"href":"https:\/\/consejoderectores.cl\/en\/wp-json\/wp\/v2\/users\/1"}],"replies":[{"embeddable":true,"href":"https:\/\/consejoderectores.cl\/en\/wp-json\/wp\/v2\/comments?post=1073"}],"version-history":[{"count":4,"href":"https:\/\/consejoderectores.cl\/en\/wp-json\/wp\/v2\/posts\/1073\/revisions"}],"predecessor-version":[{"id":6043,"href":"https:\/\/consejoderectores.cl\/en\/wp-json\/wp\/v2\/posts\/1073\/revisions\/6043"}],"wp:featuredmedia":[{"embeddable":true,"href":"https:\/\/consejoderectores.cl\/en\/wp-json\/wp\/v2\/media\/3592"}],"wp:attachment":[{"href":"https:\/\/consejoderectores.cl\/en\/wp-json\/wp\/v2\/media?parent=1073"}],"wp:term":[{"taxonomy":"category","embeddable":true,"href":"https:\/\/consejoderectores.cl\/en\/wp-json\/wp\/v2\/categories?post=1073"},{"taxonomy":"post_tag","embeddable":true,"href":"https:\/\/consejoderectores.cl\/en\/wp-json\/wp\/v2\/tags?post=1073"}],"curies":[{"name":"wp","href":"https:\/\/api.w.org\/{rel}","templated":true}]}}