{"id":10409,"date":"2024-03-20T21:37:11","date_gmt":"2024-03-20T21:37:11","guid":{"rendered":"https:\/\/consejoderectores.cl\/?p=10409"},"modified":"2024-03-21T13:06:20","modified_gmt":"2024-03-21T13:06:20","slug":"cruch-entregara-al-ministerio-de-educacion-informe-la-docencia-cambia-vidas","status":"publish","type":"post","link":"https:\/\/consejoderectores.cl\/en\/2024\/03\/20\/cruch-entregara-al-ministerio-de-educacion-informe-la-docencia-cambia-vidas\/","title":{"rendered":"CRUCH will deliver the report \u201cTeaching Changes Lives\u201d to the Ministry of Education\u201d"},"content":{"rendered":"<blockquote><p><span style=\"font-weight: 400;\">The document, prepared by a commission of experts from CRUCH universities over more than a year, seeks to contribute to public policy processes on issues related to the attraction, training and retention of teachers, as well as to highlight the importance of teaching work at the national level.<\/span><\/p>\n<p><span style=\"font-weight: 400;\">This Thursday, March 21st, at 3:30 PM at the Pontifical Catholic University of Chile, an event will be held to formally present the recommendations to the Ministry of Education. The event, which will include the participation of authorities and specialists in the field of education, will be led by the Rector of the PUC, Ignacio S\u00e1nchez; the Rector of the UMCE, Elisa Araya; the Rector of the PUCV, Nelson V\u00e1squez; and the Rector and Executive Vice President of the CRUCH, Emilio Rodr\u00edguez.<\/span><\/p><\/blockquote>\n<p><span style=\"font-weight: 400;\">In recent years, a decrease in the number of students enrolled in pedagogy degrees has been observed, generating widespread concern among various organizations and key actors in the country, as in the near future there would be a shortage of teachers to meet the educational needs of the school system in the different regions of the country.<\/span><\/p>\n<p><span style=\"font-weight: 400;\">In this scenario, the plenary session of the Council of Rectors of Chilean Universities (CRUCH) adopted the agreement to constitute a commission of experts to make a diagnosis and proposals for the strengthening of pedagogies. <\/span><span style=\"font-weight: 400;\">The commission of the same name, created in September 2022, was mandated to prepare a report with recommendations to contribute to public policy processes regarding issues related to attracting, training, and retaining teachers. The commission was led by Nelson V\u00e1zquez, Rector of the Pontifical Catholic University of Valpara\u00edso, and Elisa Araya, Rector of the Metropolitan University of Educational Sciences, and included representatives from 29 CRUCH universities.<\/span><\/p>\n<p><span style=\"font-weight: 400;\">The result of more than a year of work was the report \u201cTeaching Changes Lives. Proposals from the Council of Rectors of Chilean Universities for the strengthening of Initial and Continuous Teacher Training in universities and the educational system,\u201d which will be presented this Thursday, March 21, at 3:30 p.m. in the Jos\u00e9 Irarr\u00e1zaval Auditorium at the Main Building of the Pontifical Catholic University of Chile.\u00a0<\/span><\/p>\n<p><span style=\"font-weight: 400;\">The document seeks to contribute to public policy processes on issues related to the attraction, training and retention of teachers, as well as to highlight the importance of the teaching profession at the national level.<\/span><\/p>\n<p><span style=\"font-weight: 400;\">\u201cParticipating significantly in the design and implementation of public policies in higher education responds to one of our essential functions as an institution and one of the main strategic axes of CRUCH with a view to 2030. Accordingly, this proposal aims to be a contribution to the country, highlighting the teaching work, essential for the development of society as a whole,\u201d says Ang\u00e9lica Bosch, general secretary of CRUCH.<\/span><\/p>\n<p><b>Presentation of the report<\/b><\/p>\n<p><span style=\"font-weight: 400;\">The presentation of the report will be attended by important authorities and specialists in the field of education.\u00a0<\/span><span style=\"font-weight: 400;\">At the event, the Rector of the Catholic University (UC), Ignacio S\u00e1nchez, will welcome attendees and highlight the report&#039;s importance. Following this, the Rector of the Metropolitan University of Educational Sciences (UMCE), Elisa Araya, will discuss the commission&#039;s origins and development, while the Rector of the Pontifical Catholic University of Valpara\u00edso (PUCV), Nelson V\u00e1squez, will present the document&#039;s main findings. Finally, the Executive Vice President of the Council of Rectors of Chilean Universities (CRUCH) and Rector of the University of Tarapac\u00e1, Emilio Rodr\u00edguez, will address the report&#039;s implications for public policy and the Council&#039;s role.<\/span><\/p>\n<p><span style=\"font-weight: 400;\">A panel of experts from the CRUCH Pedagogy Strengthening Commission will also take place, featuring Diana Veneros, Director General of Teaching at the Metropolitan Technological University from 2019 to May 2023; Patricia Castillo, Dean of the Faculty of Education at the Catholic University of the North; Fancy Castro, Dean of the Faculty of Humanities at the University of B\u00edo B\u00edo; and Iv\u00e1n Salinas, professor at the University of Chile. The panel will be moderated by Carmen Montecinos, Executive Secretary of the Commission, Executive Director of the Center for Educational Leaders, and professor at the Pontifical Catholic University of Valpara\u00edso (PUCV).<\/span><\/p>\n<p><span style=\"font-weight: 400;\">It is worth noting that the presentation of the report is a particularly relevant milestone for CRUCH, which in 2024 commemorates 70 years of history since its creation by law in 1954. <\/span><\/p>\n<p><b>Structure and content<\/b><\/p>\n<p><span style=\"font-weight: 400;\">The document considers five principles related to Initial and Continuing Teacher Training (FICD): commitment to quality; national priority; specialized knowledge; authentically associative task and territorial equity in the provision of teachers.\u00a0<\/span><\/p>\n<p><span style=\"font-weight: 400;\">These principles are present in the strategic objectives of the report, which respond both to the concerted efforts of the universities, framed within the mission of CRUCH, and to actions that can be developed jointly with the Ministry of Education, regional governments and other public bodies.<\/span><\/p>\n<p><span style=\"font-weight: 400;\">The report outlines six strategic objectives: to foster opportunities for developing adaptive, professional, and technical skills in future generations of teachers and practicing teachers; to develop innovative, bidirectional strategies and actions for engagement with the local community; to ensure a funding model that enables institutions to develop high-quality Initial Teacher Training; to develop and implement strategies and actions to attract, support, and retain teachers; to create conditions for establishing long-term partnerships between CRUCH institutions and the education system to develop collaborative research; and to establish strategic alliances to address the challenges of quality continuing education.<\/span><\/p>\n<p><span style=\"font-weight: 400;\">To meet these objectives, the report identifies 18 critical issues and makes 24 recommendations.<\/span><\/p>","protected":false},"excerpt":{"rendered":"<p>El documento, elaborado por una comisi\u00f3n de expertas y expertos de universidades CRUCH por m\u00e1s de un a\u00f1o, busca ser un aporte a los procesos de pol\u00edticas p\u00fablicas en problem\u00e1ticas relativas a la atracci\u00f3n, formaci\u00f3n y retenci\u00f3n de profesoras y profesores, as\u00ed como destacar a nivel nacional la importancia de la labor docente. Este jueves [&hellip;]<\/p>\n","protected":false},"author":1,"featured_media":10417,"comment_status":"open","ping_status":"open","sticky":false,"template":"","format":"standard","meta":{"_acf_changed":false,"footnotes":""},"categories":[3,13],"tags":[],"class_list":["post-10409","post","type-post","status-publish","format-standard","has-post-thumbnail","hentry","category-noticias","category-noticias-carrusel"],"acf":[],"yoast_head":"<!-- This site is optimized with the Yoast SEO plugin v27.1.1 - https:\/\/yoast.com\/product\/yoast-seo-wordpress\/ -->\n<title>CRUCH entregar\u00e1 al Ministerio de Educaci\u00f3n informe \u201cLa Docencia Cambia Vidas\u201d - Consejo de Rectoras y Rectores de las Universidades Chilenas<\/title>\n<meta name=\"robots\" content=\"index, follow, max-snippet:-1, max-image-preview:large, max-video-preview:-1\" \/>\n<link rel=\"canonical\" href=\"https:\/\/consejoderectores.cl\/en\/2024\/03\/20\/cruch-entregara-al-ministerio-de-educacion-informe-la-docencia-cambia-vidas\/\" \/>\n<meta property=\"og:locale\" content=\"en_US\" \/>\n<meta property=\"og:type\" content=\"article\" \/>\n<meta property=\"og:title\" content=\"CRUCH entregar\u00e1 al Ministerio de Educaci\u00f3n informe \u201cLa Docencia Cambia Vidas\u201d - Consejo de Rectoras y Rectores de las Universidades Chilenas\" \/>\n<meta property=\"og:description\" content=\"El documento, elaborado por una comisi\u00f3n de expertas y expertos de universidades CRUCH por m\u00e1s de un a\u00f1o, busca ser un aporte a los procesos de pol\u00edticas p\u00fablicas en problem\u00e1ticas relativas a la atracci\u00f3n, formaci\u00f3n y retenci\u00f3n de profesoras y profesores, as\u00ed como destacar a nivel nacional la importancia de la labor docente. Este jueves [&hellip;]\" \/>\n<meta property=\"og:url\" content=\"https:\/\/consejoderectores.cl\/en\/2024\/03\/20\/cruch-entregara-al-ministerio-de-educacion-informe-la-docencia-cambia-vidas\/\" \/>\n<meta property=\"og:site_name\" content=\"Consejo de Rectoras y Rectores de las Universidades Chilenas\" \/>\n<meta property=\"article:published_time\" content=\"2024-03-20T21:37:11+00:00\" \/>\n<meta property=\"article:modified_time\" content=\"2024-03-21T13:06:20+00:00\" \/>\n<meta property=\"og:image\" content=\"https:\/\/consejoderectores.cl\/wp-content\/uploads\/2024\/03\/Informe-Pedagogias-portada-e1711026350853.png\" \/>\n\t<meta property=\"og:image:width\" content=\"1700\" \/>\n\t<meta property=\"og:image:height\" content=\"1932\" \/>\n\t<meta property=\"og:image:type\" content=\"image\/png\" \/>\n<meta name=\"author\" content=\"Consejo de Rectores de las Universidades Chilenas\" \/>\n<meta name=\"twitter:card\" content=\"summary_large_image\" \/>\n<meta name=\"twitter:creator\" content=\"@CRUCH_cl\" \/>\n<meta name=\"twitter:site\" content=\"@CRUCH_cl\" \/>\n<meta name=\"twitter:label1\" content=\"Written by\" \/>\n\t<meta name=\"twitter:data1\" content=\"Consejo de Rectores de las Universidades Chilenas\" \/>\n\t<meta name=\"twitter:label2\" content=\"Est. reading time\" \/>\n\t<meta name=\"twitter:data2\" content=\"5 minutes\" \/>\n<script type=\"application\/ld+json\" class=\"yoast-schema-graph\">{\"@context\":\"https:\/\/schema.org\",\"@graph\":[{\"@type\":\"Article\",\"@id\":\"https:\/\/consejoderectores.cl\/en\/2024\/03\/20\/cruch-entregara-al-ministerio-de-educacion-informe-la-docencia-cambia-vidas\/#article\",\"isPartOf\":{\"@id\":\"https:\/\/consejoderectores.cl\/en\/2024\/03\/20\/cruch-entregara-al-ministerio-de-educacion-informe-la-docencia-cambia-vidas\/\"},\"author\":{\"name\":\"Consejo de Rectores de las Universidades Chilenas\",\"@id\":\"https:\/\/consejoderectores.cl\/en\/#\/schema\/person\/d863e44afde067fd4b57fac66ced709e\"},\"headline\":\"CRUCH entregar\u00e1 al Ministerio de Educaci\u00f3n informe \u201cLa Docencia Cambia Vidas\u201d\",\"datePublished\":\"2024-03-20T21:37:11+00:00\",\"dateModified\":\"2024-03-21T13:06:20+00:00\",\"mainEntityOfPage\":{\"@id\":\"https:\/\/consejoderectores.cl\/en\/2024\/03\/20\/cruch-entregara-al-ministerio-de-educacion-informe-la-docencia-cambia-vidas\/\"},\"wordCount\":1043,\"commentCount\":0,\"publisher\":{\"@id\":\"https:\/\/consejoderectores.cl\/en\/#organization\"},\"image\":{\"@id\":\"https:\/\/consejoderectores.cl\/en\/2024\/03\/20\/cruch-entregara-al-ministerio-de-educacion-informe-la-docencia-cambia-vidas\/#primaryimage\"},\"thumbnailUrl\":\"https:\/\/consejoderectores.cl\/wp-content\/uploads\/2024\/03\/Informe-Pedagogias-portada-e1711026350853.png\",\"articleSection\":[\"Noticias\",\"Noticias Carrusel\"],\"inLanguage\":\"en-US\",\"potentialAction\":[{\"@type\":\"CommentAction\",\"name\":\"Comment\",\"target\":[\"https:\/\/consejoderectores.cl\/en\/2024\/03\/20\/cruch-entregara-al-ministerio-de-educacion-informe-la-docencia-cambia-vidas\/#respond\"]}]},{\"@type\":\"WebPage\",\"@id\":\"https:\/\/consejoderectores.cl\/en\/2024\/03\/20\/cruch-entregara-al-ministerio-de-educacion-informe-la-docencia-cambia-vidas\/\",\"url\":\"https:\/\/consejoderectores.cl\/en\/2024\/03\/20\/cruch-entregara-al-ministerio-de-educacion-informe-la-docencia-cambia-vidas\/\",\"name\":\"CRUCH entregar\u00e1 al Ministerio de Educaci\u00f3n informe \u201cLa Docencia Cambia Vidas\u201d - Consejo de Rectoras y Rectores de las Universidades Chilenas\",\"isPartOf\":{\"@id\":\"https:\/\/consejoderectores.cl\/en\/#website\"},\"primaryImageOfPage\":{\"@id\":\"https:\/\/consejoderectores.cl\/en\/2024\/03\/20\/cruch-entregara-al-ministerio-de-educacion-informe-la-docencia-cambia-vidas\/#primaryimage\"},\"image\":{\"@id\":\"https:\/\/consejoderectores.cl\/en\/2024\/03\/20\/cruch-entregara-al-ministerio-de-educacion-informe-la-docencia-cambia-vidas\/#primaryimage\"},\"thumbnailUrl\":\"https:\/\/consejoderectores.cl\/wp-content\/uploads\/2024\/03\/Informe-Pedagogias-portada-e1711026350853.png\",\"datePublished\":\"2024-03-20T21:37:11+00:00\",\"dateModified\":\"2024-03-21T13:06:20+00:00\",\"breadcrumb\":{\"@id\":\"https:\/\/consejoderectores.cl\/en\/2024\/03\/20\/cruch-entregara-al-ministerio-de-educacion-informe-la-docencia-cambia-vidas\/#breadcrumb\"},\"inLanguage\":\"en-US\",\"potentialAction\":[{\"@type\":\"ReadAction\",\"target\":[\"https:\/\/consejoderectores.cl\/en\/2024\/03\/20\/cruch-entregara-al-ministerio-de-educacion-informe-la-docencia-cambia-vidas\/\"]}]},{\"@type\":\"ImageObject\",\"inLanguage\":\"en-US\",\"@id\":\"https:\/\/consejoderectores.cl\/en\/2024\/03\/20\/cruch-entregara-al-ministerio-de-educacion-informe-la-docencia-cambia-vidas\/#primaryimage\",\"url\":\"https:\/\/consejoderectores.cl\/wp-content\/uploads\/2024\/03\/Informe-Pedagogias-portada-e1711026350853.png\",\"contentUrl\":\"https:\/\/consejoderectores.cl\/wp-content\/uploads\/2024\/03\/Informe-Pedagogias-portada-e1711026350853.png\",\"width\":1700,\"height\":1932},{\"@type\":\"BreadcrumbList\",\"@id\":\"https:\/\/consejoderectores.cl\/en\/2024\/03\/20\/cruch-entregara-al-ministerio-de-educacion-informe-la-docencia-cambia-vidas\/#breadcrumb\",\"itemListElement\":[{\"@type\":\"ListItem\",\"position\":1,\"name\":\"Home\",\"item\":\"https:\/\/consejoderectores.cl\/\"},{\"@type\":\"ListItem\",\"position\":2,\"name\":\"CRUCH entregar\u00e1 al Ministerio de Educaci\u00f3n informe \u201cLa Docencia Cambia Vidas\u201d\"}]},{\"@type\":\"WebSite\",\"@id\":\"https:\/\/consejoderectores.cl\/en\/#website\",\"url\":\"https:\/\/consejoderectores.cl\/en\/\",\"name\":\"Consejo de Rectoras y Rectores de las Universidades Chilenas\",\"description\":\"\",\"publisher\":{\"@id\":\"https:\/\/consejoderectores.cl\/en\/#organization\"},\"potentialAction\":[{\"@type\":\"SearchAction\",\"target\":{\"@type\":\"EntryPoint\",\"urlTemplate\":\"https:\/\/consejoderectores.cl\/en\/?s={search_term_string}\"},\"query-input\":{\"@type\":\"PropertyValueSpecification\",\"valueRequired\":true,\"valueName\":\"search_term_string\"}}],\"inLanguage\":\"en-US\"},{\"@type\":\"Organization\",\"@id\":\"https:\/\/consejoderectores.cl\/en\/#organization\",\"name\":\"Consejo de Rectoras y Rectores de las Universidades Chilenas\",\"url\":\"https:\/\/consejoderectores.cl\/en\/\",\"logo\":{\"@type\":\"ImageObject\",\"inLanguage\":\"en-US\",\"@id\":\"https:\/\/consejoderectores.cl\/en\/#\/schema\/logo\/image\/\",\"url\":\"https:\/\/consejoderectores.cl\/wp-content\/uploads\/2025\/12\/logoheader_2025.png\",\"contentUrl\":\"https:\/\/consejoderectores.cl\/wp-content\/uploads\/2025\/12\/logoheader_2025.png\",\"width\":666,\"height\":305,\"caption\":\"Consejo de Rectoras y Rectores de las Universidades Chilenas\"},\"image\":{\"@id\":\"https:\/\/consejoderectores.cl\/en\/#\/schema\/logo\/image\/\"},\"sameAs\":[\"https:\/\/x.com\/CRUCH_cl\",\"https:\/\/www.instagram.com\/consejoderectores\/\",\"https:\/\/www.linkedin.com\/company\/cruch\/\",\"https:\/\/www.youtube.com\/channel\/UCzgIFRCsDlKoFpimiQmEaOA\"]},{\"@type\":\"Person\",\"@id\":\"https:\/\/consejoderectores.cl\/en\/#\/schema\/person\/d863e44afde067fd4b57fac66ced709e\",\"name\":\"Consejo de Rectores de las Universidades Chilenas\",\"image\":{\"@type\":\"ImageObject\",\"inLanguage\":\"en-US\",\"@id\":\"https:\/\/consejoderectores.cl\/en\/#\/schema\/person\/image\/\",\"url\":\"https:\/\/secure.gravatar.com\/avatar\/c31e2a02401f041926afb8ee21ab666f0925814fe85d25a5c8db80e23722dfc1?s=96&d=mm&r=g\",\"contentUrl\":\"https:\/\/secure.gravatar.com\/avatar\/c31e2a02401f041926afb8ee21ab666f0925814fe85d25a5c8db80e23722dfc1?s=96&d=mm&r=g\",\"caption\":\"Consejo de Rectores de las Universidades Chilenas\"},\"sameAs\":[\"https:\/\/www.consejoderectores.cl\"],\"url\":\"https:\/\/consejoderectores.cl\/en\/author\/cruch\/\"}]}<\/script>\n<!-- \/ Yoast SEO plugin. -->","yoast_head_json":{"title":"CRUCH entregar\u00e1 al Ministerio de Educaci\u00f3n informe \u201cLa Docencia Cambia Vidas\u201d - Consejo de Rectoras y Rectores de las Universidades Chilenas","robots":{"index":"index","follow":"follow","max-snippet":"max-snippet:-1","max-image-preview":"max-image-preview:large","max-video-preview":"max-video-preview:-1"},"canonical":"https:\/\/consejoderectores.cl\/en\/2024\/03\/20\/cruch-entregara-al-ministerio-de-educacion-informe-la-docencia-cambia-vidas\/","og_locale":"en_US","og_type":"article","og_title":"CRUCH entregar\u00e1 al Ministerio de Educaci\u00f3n informe \u201cLa Docencia Cambia Vidas\u201d - Consejo de Rectoras y Rectores de las Universidades Chilenas","og_description":"El documento, elaborado por una comisi\u00f3n de expertas y expertos de universidades CRUCH por m\u00e1s de un a\u00f1o, busca ser un aporte a los procesos de pol\u00edticas p\u00fablicas en problem\u00e1ticas relativas a la atracci\u00f3n, formaci\u00f3n y retenci\u00f3n de profesoras y profesores, as\u00ed como destacar a nivel nacional la importancia de la labor docente. Este jueves [&hellip;]","og_url":"https:\/\/consejoderectores.cl\/en\/2024\/03\/20\/cruch-entregara-al-ministerio-de-educacion-informe-la-docencia-cambia-vidas\/","og_site_name":"Consejo de Rectoras y Rectores de las Universidades Chilenas","article_published_time":"2024-03-20T21:37:11+00:00","article_modified_time":"2024-03-21T13:06:20+00:00","og_image":[{"width":1700,"height":1932,"url":"https:\/\/consejoderectores.cl\/wp-content\/uploads\/2024\/03\/Informe-Pedagogias-portada-e1711026350853.png","type":"image\/png"}],"author":"Consejo de Rectores de las Universidades Chilenas","twitter_card":"summary_large_image","twitter_creator":"@CRUCH_cl","twitter_site":"@CRUCH_cl","twitter_misc":{"Written by":"Consejo de Rectores de las Universidades Chilenas","Est. reading time":"5 minutes"},"schema":{"@context":"https:\/\/schema.org","@graph":[{"@type":"Article","@id":"https:\/\/consejoderectores.cl\/en\/2024\/03\/20\/cruch-entregara-al-ministerio-de-educacion-informe-la-docencia-cambia-vidas\/#article","isPartOf":{"@id":"https:\/\/consejoderectores.cl\/en\/2024\/03\/20\/cruch-entregara-al-ministerio-de-educacion-informe-la-docencia-cambia-vidas\/"},"author":{"name":"Consejo de Rectores de las Universidades Chilenas","@id":"https:\/\/consejoderectores.cl\/en\/#\/schema\/person\/d863e44afde067fd4b57fac66ced709e"},"headline":"CRUCH entregar\u00e1 al Ministerio de Educaci\u00f3n informe \u201cLa Docencia Cambia Vidas\u201d","datePublished":"2024-03-20T21:37:11+00:00","dateModified":"2024-03-21T13:06:20+00:00","mainEntityOfPage":{"@id":"https:\/\/consejoderectores.cl\/en\/2024\/03\/20\/cruch-entregara-al-ministerio-de-educacion-informe-la-docencia-cambia-vidas\/"},"wordCount":1043,"commentCount":0,"publisher":{"@id":"https:\/\/consejoderectores.cl\/en\/#organization"},"image":{"@id":"https:\/\/consejoderectores.cl\/en\/2024\/03\/20\/cruch-entregara-al-ministerio-de-educacion-informe-la-docencia-cambia-vidas\/#primaryimage"},"thumbnailUrl":"https:\/\/consejoderectores.cl\/wp-content\/uploads\/2024\/03\/Informe-Pedagogias-portada-e1711026350853.png","articleSection":["Noticias","Noticias Carrusel"],"inLanguage":"en-US","potentialAction":[{"@type":"CommentAction","name":"Comment","target":["https:\/\/consejoderectores.cl\/en\/2024\/03\/20\/cruch-entregara-al-ministerio-de-educacion-informe-la-docencia-cambia-vidas\/#respond"]}]},{"@type":"WebPage","@id":"https:\/\/consejoderectores.cl\/en\/2024\/03\/20\/cruch-entregara-al-ministerio-de-educacion-informe-la-docencia-cambia-vidas\/","url":"https:\/\/consejoderectores.cl\/en\/2024\/03\/20\/cruch-entregara-al-ministerio-de-educacion-informe-la-docencia-cambia-vidas\/","name":"CRUCH entregar\u00e1 al Ministerio de Educaci\u00f3n informe \u201cLa Docencia Cambia Vidas\u201d - Consejo de Rectoras y Rectores de las Universidades Chilenas","isPartOf":{"@id":"https:\/\/consejoderectores.cl\/en\/#website"},"primaryImageOfPage":{"@id":"https:\/\/consejoderectores.cl\/en\/2024\/03\/20\/cruch-entregara-al-ministerio-de-educacion-informe-la-docencia-cambia-vidas\/#primaryimage"},"image":{"@id":"https:\/\/consejoderectores.cl\/en\/2024\/03\/20\/cruch-entregara-al-ministerio-de-educacion-informe-la-docencia-cambia-vidas\/#primaryimage"},"thumbnailUrl":"https:\/\/consejoderectores.cl\/wp-content\/uploads\/2024\/03\/Informe-Pedagogias-portada-e1711026350853.png","datePublished":"2024-03-20T21:37:11+00:00","dateModified":"2024-03-21T13:06:20+00:00","breadcrumb":{"@id":"https:\/\/consejoderectores.cl\/en\/2024\/03\/20\/cruch-entregara-al-ministerio-de-educacion-informe-la-docencia-cambia-vidas\/#breadcrumb"},"inLanguage":"en-US","potentialAction":[{"@type":"ReadAction","target":["https:\/\/consejoderectores.cl\/en\/2024\/03\/20\/cruch-entregara-al-ministerio-de-educacion-informe-la-docencia-cambia-vidas\/"]}]},{"@type":"ImageObject","inLanguage":"en-US","@id":"https:\/\/consejoderectores.cl\/en\/2024\/03\/20\/cruch-entregara-al-ministerio-de-educacion-informe-la-docencia-cambia-vidas\/#primaryimage","url":"https:\/\/consejoderectores.cl\/wp-content\/uploads\/2024\/03\/Informe-Pedagogias-portada-e1711026350853.png","contentUrl":"https:\/\/consejoderectores.cl\/wp-content\/uploads\/2024\/03\/Informe-Pedagogias-portada-e1711026350853.png","width":1700,"height":1932},{"@type":"BreadcrumbList","@id":"https:\/\/consejoderectores.cl\/en\/2024\/03\/20\/cruch-entregara-al-ministerio-de-educacion-informe-la-docencia-cambia-vidas\/#breadcrumb","itemListElement":[{"@type":"ListItem","position":1,"name":"Home","item":"https:\/\/consejoderectores.cl\/"},{"@type":"ListItem","position":2,"name":"CRUCH entregar\u00e1 al Ministerio de Educaci\u00f3n informe \u201cLa Docencia Cambia Vidas\u201d"}]},{"@type":"WebSite","@id":"https:\/\/consejoderectores.cl\/en\/#website","url":"https:\/\/consejoderectores.cl\/en\/","name":"Council of Rectors of Chilean Universities","description":"","publisher":{"@id":"https:\/\/consejoderectores.cl\/en\/#organization"},"potentialAction":[{"@type":"SearchAction","target":{"@type":"EntryPoint","urlTemplate":"https:\/\/consejoderectores.cl\/en\/?s={search_term_string}"},"query-input":{"@type":"PropertyValueSpecification","valueRequired":true,"valueName":"search_term_string"}}],"inLanguage":"en-US"},{"@type":"Organization","@id":"https:\/\/consejoderectores.cl\/en\/#organization","name":"Council of Rectors of Chilean Universities","url":"https:\/\/consejoderectores.cl\/en\/","logo":{"@type":"ImageObject","inLanguage":"en-US","@id":"https:\/\/consejoderectores.cl\/en\/#\/schema\/logo\/image\/","url":"https:\/\/consejoderectores.cl\/wp-content\/uploads\/2025\/12\/logoheader_2025.png","contentUrl":"https:\/\/consejoderectores.cl\/wp-content\/uploads\/2025\/12\/logoheader_2025.png","width":666,"height":305,"caption":"Consejo de Rectoras y Rectores de las Universidades Chilenas"},"image":{"@id":"https:\/\/consejoderectores.cl\/en\/#\/schema\/logo\/image\/"},"sameAs":["https:\/\/x.com\/CRUCH_cl","https:\/\/www.instagram.com\/consejoderectores\/","https:\/\/www.linkedin.com\/company\/cruch\/","https:\/\/www.youtube.com\/channel\/UCzgIFRCsDlKoFpimiQmEaOA"]},{"@type":"Person","@id":"https:\/\/consejoderectores.cl\/en\/#\/schema\/person\/d863e44afde067fd4b57fac66ced709e","name":"Council of Rectors of Chilean Universities","image":{"@type":"ImageObject","inLanguage":"en-US","@id":"https:\/\/consejoderectores.cl\/en\/#\/schema\/person\/image\/","url":"https:\/\/secure.gravatar.com\/avatar\/c31e2a02401f041926afb8ee21ab666f0925814fe85d25a5c8db80e23722dfc1?s=96&d=mm&r=g","contentUrl":"https:\/\/secure.gravatar.com\/avatar\/c31e2a02401f041926afb8ee21ab666f0925814fe85d25a5c8db80e23722dfc1?s=96&d=mm&r=g","caption":"Consejo de Rectores de las Universidades Chilenas"},"sameAs":["https:\/\/www.consejoderectores.cl"],"url":"https:\/\/consejoderectores.cl\/en\/author\/cruch\/"}]}},"_links":{"self":[{"href":"https:\/\/consejoderectores.cl\/en\/wp-json\/wp\/v2\/posts\/10409","targetHints":{"allow":["GET"]}}],"collection":[{"href":"https:\/\/consejoderectores.cl\/en\/wp-json\/wp\/v2\/posts"}],"about":[{"href":"https:\/\/consejoderectores.cl\/en\/wp-json\/wp\/v2\/types\/post"}],"author":[{"embeddable":true,"href":"https:\/\/consejoderectores.cl\/en\/wp-json\/wp\/v2\/users\/1"}],"replies":[{"embeddable":true,"href":"https:\/\/consejoderectores.cl\/en\/wp-json\/wp\/v2\/comments?post=10409"}],"version-history":[{"count":2,"href":"https:\/\/consejoderectores.cl\/en\/wp-json\/wp\/v2\/posts\/10409\/revisions"}],"predecessor-version":[{"id":10418,"href":"https:\/\/consejoderectores.cl\/en\/wp-json\/wp\/v2\/posts\/10409\/revisions\/10418"}],"wp:featuredmedia":[{"embeddable":true,"href":"https:\/\/consejoderectores.cl\/en\/wp-json\/wp\/v2\/media\/10417"}],"wp:attachment":[{"href":"https:\/\/consejoderectores.cl\/en\/wp-json\/wp\/v2\/media?parent=10409"}],"wp:term":[{"taxonomy":"category","embeddable":true,"href":"https:\/\/consejoderectores.cl\/en\/wp-json\/wp\/v2\/categories?post=10409"},{"taxonomy":"post_tag","embeddable":true,"href":"https:\/\/consejoderectores.cl\/en\/wp-json\/wp\/v2\/tags?post=10409"}],"curies":[{"name":"wp","href":"https:\/\/api.w.org\/{rel}","templated":true}]}}